{"id":12797,"date":"2026-04-17T12:37:11","date_gmt":"2026-04-17T10:37:11","guid":{"rendered":"https:\/\/agora.xtec.cat\/esc-teresabergada\/?p=12797"},"modified":"2026-04-17T12:37:11","modified_gmt":"2026-04-17T10:37:11","slug":"concert-la-clika","status":"publish","type":"post","link":"https:\/\/agora.xtec.cat\/esc-teresabergada\/portada\/concert-la-clika\/","title":{"rendered":"Concert La Clika"},"content":{"rendered":"<p data-start=\"135\" data-end=\"311\">Ahir, els alumnes de segon vam poder viure un dia molt especial i bonic, i es que vam anar a Mollerussa a participar en el concert de La Clika, una cantata protagonitzada per un grup d\u2019amics que ens ha acompanyat al llarg de tot el curs.<\/p>\n<p data-start=\"313\" data-end=\"574\">Durant aquests mesos hem dut a terme un treball interdisciplinari des de l\u2019\u00e0rea de m\u00fasica, en coordinaci\u00f3 amb altres \u00e0rees per tal de treballar les can\u00e7ons del Roc, de la Lola, de l&#8217;Aran i de molts altres personatges que ens han acompanyat al llarg del curs.\u00a0Aquest treball ens ha perm\u00e8s gaudir de la m\u00fasica i, alhora, reflexionar sobre valors com l\u2019amistat, el respecte i la import\u00e0ncia de ser un mateix.<\/p>\n<p data-start=\"539\" data-end=\"740\">El concert va ser una experi\u00e8ncia molt especial, on els nens i nenes van poder cantar, gaudir i emocionar-se amb tot all\u00f2 que hav\u00edem treballat a l\u2019aula. Sens dubte, un dia per recordar!<\/p>\n","protected":false},"excerpt":{"rendered":"<p>Ahir, els alumnes de segon vam poder viure un dia molt especial i bonic, i es que vam anar a Mollerussa a participar en el concert de La Clika, una cantata protagonitzada per un grup d\u2019amics que ens ha acompanyat al llarg de tot el&hellip;  <a href=\"https:\/\/agora.xtec.cat\/esc-teresabergada\/portada\/concert-la-clika\/\" title=\"Read Concert La Clika\">Llegeix m\u00e9s\u00bb<\/a><\/p>\n","protected":false},"author":60,"featured_media":12799,"comment_status":"open","ping_status":"open","sticky":false,"template":"","format":"standard","meta":{"_bbp_topic_count":0,"_bbp_reply_count":0,"_bbp_total_topic_count":0,"_bbp_total_reply_count":0,"_bbp_voice_count":0,"_bbp_anonymous_reply_count":0,"_bbp_topic_count_hidden":0,"_bbp_reply_count_hidden":0,"_bbp_forum_subforum_count":0,"footnotes":""},"categories":[153,104,4],"tags":[],"class_list":["post-12797","post","type-post","status-publish","format-standard","has-post-thumbnail","hentry","category-2n","category-musica","category-portada"],"post_mailing_queue_ids":[],"_links":{"self":[{"href":"https:\/\/agora.xtec.cat\/esc-teresabergada\/wp-json\/wp\/v2\/posts\/12797","targetHints":{"allow":["GET"]}}],"collection":[{"href":"https:\/\/agora.xtec.cat\/esc-teresabergada\/wp-json\/wp\/v2\/posts"}],"about":[{"href":"https:\/\/agora.xtec.cat\/esc-teresabergada\/wp-json\/wp\/v2\/types\/post"}],"author":[{"embeddable":true,"href":"https:\/\/agora.xtec.cat\/esc-teresabergada\/wp-json\/wp\/v2\/users\/60"}],"replies":[{"embeddable":true,"href":"https:\/\/agora.xtec.cat\/esc-teresabergada\/wp-json\/wp\/v2\/comments?post=12797"}],"version-history":[{"count":1,"href":"https:\/\/agora.xtec.cat\/esc-teresabergada\/wp-json\/wp\/v2\/posts\/12797\/revisions"}],"predecessor-version":[{"id":12800,"href":"https:\/\/agora.xtec.cat\/esc-teresabergada\/wp-json\/wp\/v2\/posts\/12797\/revisions\/12800"}],"wp:featuredmedia":[{"embeddable":true,"href":"https:\/\/agora.xtec.cat\/esc-teresabergada\/wp-json\/wp\/v2\/media\/12799"}],"wp:attachment":[{"href":"https:\/\/agora.xtec.cat\/esc-teresabergada\/wp-json\/wp\/v2\/media?parent=12797"}],"wp:term":[{"taxonomy":"category","embeddable":true,"href":"https:\/\/agora.xtec.cat\/esc-teresabergada\/wp-json\/wp\/v2\/categories?post=12797"},{"taxonomy":"post_tag","embeddable":true,"href":"https:\/\/agora.xtec.cat\/esc-teresabergada\/wp-json\/wp\/v2\/tags?post=12797"}],"curies":[{"name":"wp","href":"https:\/\/api.w.org\/{rel}","templated":true}]}}