{"id":12785,"date":"2026-03-09T09:27:01","date_gmt":"2026-03-09T08:27:01","guid":{"rendered":"https:\/\/agora.xtec.cat\/esc-teresabergada\/?p=12785"},"modified":"2026-03-09T09:27:56","modified_gmt":"2026-03-09T08:27:56","slug":"tardes-dambient-cientific-a-infantil","status":"publish","type":"post","link":"https:\/\/agora.xtec.cat\/esc-teresabergada\/general\/tardes-dambient-cientific-a-infantil\/","title":{"rendered":"Tardes d\u2019ambient cient\u00edfic a Infantil"},"content":{"rendered":"<p>Durant aquest trimestre, els nens i nenes d\u2019Educaci\u00f3 Infantil hem gaudit d\u2019unes tardes d\u2019ambient cient\u00edfic molt divertides!Hem tingut l\u2019oportunitat d\u2019apropar-nos a la ci\u00e8ncia de manera l\u00fadica, realitzant petits experiments que ens han perm\u00e8s con\u00e8ixer les primeres nocions cient\u00edfiques i aprendre a fer preguntes, observar i comprovar resultats.<br \/>\nPer\u00f2 el m\u00e9s important ha estat experimentar, provar i jugar, tot descobrint com funciona el m\u00f3n que ens envolta d\u2019una manera pr\u00e0ctica i divertida.<br \/>\nAquesta activitat ens ha ajudat a despertar la curiositat, la creativitat i l\u2019inter\u00e8s per aprendre, i ha estat una manera fant\u00e0stica de veure com la ci\u00e8ncia pot formar part del nostre dia a dia.<\/p>\n<p>&nbsp;<\/p>\n<p><a href=\"https:\/\/agora.xtec.cat\/esc-teresabergada\/wp-content\/uploads\/usu1533\/2026\/03\/WhatsApp-Image-2026-03-06-at-09.08.42.jpeg\"><img loading=\"lazy\" decoding=\"async\" class=\"size-large wp-image-12786 aligncenter\" src=\"https:\/\/agora.xtec.cat\/esc-teresabergada\/wp-content\/uploads\/usu1533\/2026\/03\/WhatsApp-Image-2026-03-06-at-09.08.42-768x1024.jpeg\" alt=\"\" width=\"768\" height=\"1024\" srcset=\"https:\/\/agora.xtec.cat\/esc-teresabergada\/wp-content\/uploads\/usu1533\/2026\/03\/WhatsApp-Image-2026-03-06-at-09.08.42-768x1024.jpeg 768w, https:\/\/agora.xtec.cat\/esc-teresabergada\/wp-content\/uploads\/usu1533\/2026\/03\/WhatsApp-Image-2026-03-06-at-09.08.42-225x300.jpeg 225w, https:\/\/agora.xtec.cat\/esc-teresabergada\/wp-content\/uploads\/usu1533\/2026\/03\/WhatsApp-Image-2026-03-06-at-09.08.42-1152x1536.jpeg 1152w, https:\/\/agora.xtec.cat\/esc-teresabergada\/wp-content\/uploads\/usu1533\/2026\/03\/WhatsApp-Image-2026-03-06-at-09.08.42.jpeg 1200w\" sizes=\"auto, (max-width: 768px) 100vw, 768px\" \/><\/a><\/p>\n","protected":false},"excerpt":{"rendered":"<p>Durant aquest trimestre, els nens i nenes d\u2019Educaci\u00f3 Infantil hem gaudit d\u2019unes tardes d\u2019ambient cient\u00edfic molt divertides!Hem tingut l\u2019oportunitat d\u2019apropar-nos a la ci\u00e8ncia de manera l\u00fadica, realitzant petits experiments que ens han perm\u00e8s con\u00e8ixer les primeres nocions cient\u00edfiques i aprendre a fer preguntes, observar i&hellip;  <a href=\"https:\/\/agora.xtec.cat\/esc-teresabergada\/general\/tardes-dambient-cientific-a-infantil\/\" title=\"Read Tardes d\u2019ambient cient\u00edfic a Infantil\">Llegeix m\u00e9s\u00bb<\/a><\/p>\n","protected":false},"author":78,"featured_media":0,"comment_status":"open","ping_status":"open","sticky":false,"template":"","format":"standard","meta":{"_bbp_topic_count":0,"_bbp_reply_count":0,"_bbp_total_topic_count":0,"_bbp_total_reply_count":0,"_bbp_voice_count":0,"_bbp_anonymous_reply_count":0,"_bbp_topic_count_hidden":0,"_bbp_reply_count_hidden":0,"_bbp_forum_subforum_count":0,"footnotes":""},"categories":[1,515,236,251,2],"tags":[],"class_list":["post-12785","post","type-post","status-publish","format-standard","hentry","category-general","category-i3","category-i4","category-i5","category-infantil"],"post_mailing_queue_ids":[],"_links":{"self":[{"href":"https:\/\/agora.xtec.cat\/esc-teresabergada\/wp-json\/wp\/v2\/posts\/12785","targetHints":{"allow":["GET"]}}],"collection":[{"href":"https:\/\/agora.xtec.cat\/esc-teresabergada\/wp-json\/wp\/v2\/posts"}],"about":[{"href":"https:\/\/agora.xtec.cat\/esc-teresabergada\/wp-json\/wp\/v2\/types\/post"}],"author":[{"embeddable":true,"href":"https:\/\/agora.xtec.cat\/esc-teresabergada\/wp-json\/wp\/v2\/users\/78"}],"replies":[{"embeddable":true,"href":"https:\/\/agora.xtec.cat\/esc-teresabergada\/wp-json\/wp\/v2\/comments?post=12785"}],"version-history":[{"count":2,"href":"https:\/\/agora.xtec.cat\/esc-teresabergada\/wp-json\/wp\/v2\/posts\/12785\/revisions"}],"predecessor-version":[{"id":12788,"href":"https:\/\/agora.xtec.cat\/esc-teresabergada\/wp-json\/wp\/v2\/posts\/12785\/revisions\/12788"}],"wp:attachment":[{"href":"https:\/\/agora.xtec.cat\/esc-teresabergada\/wp-json\/wp\/v2\/media?parent=12785"}],"wp:term":[{"taxonomy":"category","embeddable":true,"href":"https:\/\/agora.xtec.cat\/esc-teresabergada\/wp-json\/wp\/v2\/categories?post=12785"},{"taxonomy":"post_tag","embeddable":true,"href":"https:\/\/agora.xtec.cat\/esc-teresabergada\/wp-json\/wp\/v2\/tags?post=12785"}],"curies":[{"name":"wp","href":"https:\/\/api.w.org\/{rel}","templated":true}]}}