{"id":12780,"date":"2026-02-23T19:58:49","date_gmt":"2026-02-23T18:58:49","guid":{"rendered":"https:\/\/agora.xtec.cat\/esc-teresabergada\/?p=12780"},"modified":"2026-02-23T19:58:49","modified_gmt":"2026-02-23T18:58:49","slug":"animac-2026","status":"publish","type":"post","link":"https:\/\/agora.xtec.cat\/esc-teresabergada\/general\/animac-2026\/","title":{"rendered":"Animac 2026"},"content":{"rendered":"<p>El passat dimecres, dia 18 de febrer, l\u2019alumnat del Cicle Inicial de l\u2019escola Teresa Bergad\u00e0 va assistir a l\u2019<strong>ANIMAC<\/strong>.<\/p>\n<p>Animac \u00e9s la mostra internacional de cinema d\u2019animaci\u00f3 que es realitza a la Llotja de Lleida des de fa 30 anys.<br \/>\nEl nostre alumnat va presenciar una s\u00e8rie de curts amb el lema <em>\u201cThings Change\u201d<\/em>.<br \/>\nEls infants van gaudir de l\u2019espectacle amb curts de qualitat, adaptats a l\u2019edat, que inclouen\u00a0 temes com la conservaci\u00f3 de la natura, el respecte per la difer\u00e8ncia, el b\u00e9 i el mal, etc. Una tarda ben interessant!<\/p>\n<p><a href=\"https:\/\/agora.xtec.cat\/esc-teresabergada\/wp-content\/uploads\/usu1533\/2026\/02\/animac-ci.jpg\"><img loading=\"lazy\" decoding=\"async\" class=\"alignnone  wp-image-12781\" src=\"https:\/\/agora.xtec.cat\/esc-teresabergada\/wp-content\/uploads\/usu1533\/2026\/02\/animac-ci-1024x671.jpg\" alt=\"\" width=\"615\" height=\"403\" srcset=\"https:\/\/agora.xtec.cat\/esc-teresabergada\/wp-content\/uploads\/usu1533\/2026\/02\/animac-ci-1024x671.jpg 1024w, https:\/\/agora.xtec.cat\/esc-teresabergada\/wp-content\/uploads\/usu1533\/2026\/02\/animac-ci-300x197.jpg 300w, https:\/\/agora.xtec.cat\/esc-teresabergada\/wp-content\/uploads\/usu1533\/2026\/02\/animac-ci-768x504.jpg 768w, https:\/\/agora.xtec.cat\/esc-teresabergada\/wp-content\/uploads\/usu1533\/2026\/02\/animac-ci-1536x1007.jpg 1536w, https:\/\/agora.xtec.cat\/esc-teresabergada\/wp-content\/uploads\/usu1533\/2026\/02\/animac-ci.jpg 1551w\" sizes=\"auto, (max-width: 615px) 100vw, 615px\" \/><\/a><\/p>\n","protected":false},"excerpt":{"rendered":"<p>El passat dimecres, dia 18 de febrer, l\u2019alumnat del Cicle Inicial de l\u2019escola Teresa Bergad\u00e0 va assistir a l\u2019ANIMAC.<br \/>\nAnimac \u00e9s la mostra internacional de cinema d\u2019animaci\u00f3 que es realitza a la Llotja de Lleida des de fa 30 anys.<br \/>\nEl nostre alumnat va presenciar una s\u00e8rie&hellip;  <a href=\"https:\/\/agora.xtec.cat\/esc-teresabergada\/general\/animac-2026\/\" title=\"Read Animac 2026\">Llegeix m\u00e9s\u00bb<\/a><\/p>\n","protected":false},"author":4,"featured_media":12781,"comment_status":"open","ping_status":"open","sticky":false,"template":"","format":"standard","meta":{"_bbp_topic_count":0,"_bbp_reply_count":0,"_bbp_total_topic_count":0,"_bbp_total_reply_count":0,"_bbp_voice_count":0,"_bbp_anonymous_reply_count":0,"_bbp_topic_count_hidden":0,"_bbp_reply_count_hidden":0,"_bbp_forum_subforum_count":0,"footnotes":""},"categories":[348,153,656,1,4],"tags":[396,252,135,189],"class_list":["post-12780","post","type-post","status-publish","format-standard","has-post-thumbnail","hentry","category-1r","category-2n","category-blocs-de-primaria","category-general","category-portada","tag-1r","tag-2n","tag-cicle-inicial","tag-teatre"],"post_mailing_queue_ids":[],"_links":{"self":[{"href":"https:\/\/agora.xtec.cat\/esc-teresabergada\/wp-json\/wp\/v2\/posts\/12780","targetHints":{"allow":["GET"]}}],"collection":[{"href":"https:\/\/agora.xtec.cat\/esc-teresabergada\/wp-json\/wp\/v2\/posts"}],"about":[{"href":"https:\/\/agora.xtec.cat\/esc-teresabergada\/wp-json\/wp\/v2\/types\/post"}],"author":[{"embeddable":true,"href":"https:\/\/agora.xtec.cat\/esc-teresabergada\/wp-json\/wp\/v2\/users\/4"}],"replies":[{"embeddable":true,"href":"https:\/\/agora.xtec.cat\/esc-teresabergada\/wp-json\/wp\/v2\/comments?post=12780"}],"version-history":[{"count":2,"href":"https:\/\/agora.xtec.cat\/esc-teresabergada\/wp-json\/wp\/v2\/posts\/12780\/revisions"}],"predecessor-version":[{"id":12783,"href":"https:\/\/agora.xtec.cat\/esc-teresabergada\/wp-json\/wp\/v2\/posts\/12780\/revisions\/12783"}],"wp:featuredmedia":[{"embeddable":true,"href":"https:\/\/agora.xtec.cat\/esc-teresabergada\/wp-json\/wp\/v2\/media\/12781"}],"wp:attachment":[{"href":"https:\/\/agora.xtec.cat\/esc-teresabergada\/wp-json\/wp\/v2\/media?parent=12780"}],"wp:term":[{"taxonomy":"category","embeddable":true,"href":"https:\/\/agora.xtec.cat\/esc-teresabergada\/wp-json\/wp\/v2\/categories?post=12780"},{"taxonomy":"post_tag","embeddable":true,"href":"https:\/\/agora.xtec.cat\/esc-teresabergada\/wp-json\/wp\/v2\/tags?post=12780"}],"curies":[{"name":"wp","href":"https:\/\/api.w.org\/{rel}","templated":true}]}}