{"id":12771,"date":"2026-02-21T19:49:27","date_gmt":"2026-02-21T18:49:27","guid":{"rendered":"https:\/\/agora.xtec.cat\/esc-teresabergada\/?p=12771"},"modified":"2026-02-21T20:03:44","modified_gmt":"2026-02-21T19:03:44","slug":"familiaprojecte-creixem-junts","status":"publish","type":"post","link":"https:\/\/agora.xtec.cat\/esc-teresabergada\/blocs-de-primaria\/6e\/familiaprojecte-creixem-junts\/","title":{"rendered":"FAM\u00cdLIA&amp;PROJECTE: CREIXEM JUNTS"},"content":{"rendered":"<div class=\"flex flex-col text-sm pb-25\">\n<article class=\"text-token-text-primary w-full focus:outline-none [--shadow-height:45px] has-data-writing-block:pointer-events-none has-data-writing-block:-mt-(--shadow-height) has-data-writing-block:pt-(--shadow-height) [&amp;:has([data-writing-block])&gt;*]:pointer-events-auto scroll-mt-[calc(var(--header-height)+min(200px,max(70px,20svh)))]\" dir=\"auto\" data-turn-id=\"b148b4b8-ae34-41d5-a781-0dd849e2d85f\" data-testid=\"conversation-turn-14\" data-scroll-anchor=\"true\" data-turn=\"assistant\">\n<div class=\"text-base my-auto mx-auto pb-10 [--thread-content-margin:--spacing(4)] @w-sm\/main:[--thread-content-margin:--spacing(6)] @w-lg\/main:[--thread-content-margin:--spacing(16)] px-(--thread-content-margin)\">\n<div class=\"[--thread-content-max-width:40rem] @w-lg\/main:[--thread-content-max-width:48rem] mx-auto max-w-(--thread-content-max-width) flex-1 group\/turn-messages focus-visible:outline-hidden relative flex w-full min-w-0 flex-col agent-turn\" tabindex=\"-1\">\n<div class=\"flex max-w-full flex-col grow\">\n<div class=\"min-h-8 text-message relative flex w-full flex-col items-end gap-2 text-start break-words whitespace-normal [.text-message+&amp;]:mt-1\" dir=\"auto\" data-message-author-role=\"assistant\" data-message-id=\"867fcc9c-c68d-4993-9ed9-821a376fa0cf\" data-message-model-slug=\"gpt-5-2\">\n<div class=\"flex w-full flex-col gap-1 empty:hidden first:pt-[1px]\">\n<div class=\"markdown prose dark:prose-invert w-full wrap-break-word light markdown-new-styling\">\n<p data-start=\"45\" data-end=\"445\"><img loading=\"lazy\" decoding=\"async\" class=\"size-medium wp-image-12775 aligncenter\" src=\"https:\/\/agora.xtec.cat\/esc-teresabergada\/wp-content\/uploads\/usu1533\/2026\/02\/Diseno-sin-titulo-300x169.png\" alt=\"\" width=\"300\" height=\"169\" srcset=\"https:\/\/agora.xtec.cat\/esc-teresabergada\/wp-content\/uploads\/usu1533\/2026\/02\/Diseno-sin-titulo-300x169.png 300w, https:\/\/agora.xtec.cat\/esc-teresabergada\/wp-content\/uploads\/usu1533\/2026\/02\/Diseno-sin-titulo-1024x576.png 1024w, https:\/\/agora.xtec.cat\/esc-teresabergada\/wp-content\/uploads\/usu1533\/2026\/02\/Diseno-sin-titulo-768x432.png 768w, https:\/\/agora.xtec.cat\/esc-teresabergada\/wp-content\/uploads\/usu1533\/2026\/02\/Diseno-sin-titulo-1536x864.png 1536w, https:\/\/agora.xtec.cat\/esc-teresabergada\/wp-content\/uploads\/usu1533\/2026\/02\/Diseno-sin-titulo.png 1920w\" sizes=\"auto, (max-width: 300px) 100vw, 300px\" \/><\/p>\n<p style=\"text-align: justify\" data-start=\"45\" data-end=\"445\">Aquest primer trimestre de curs, a cicle superior hem viscut un bonic viatge per a descobrir el cos hum\u00e0. Ha estat un cam\u00ed ple de preguntes, experiments, descobertes i moments compartits que ens han ajudat a entendre millor com som i com funcionem. Per\u00f2 si hi ha hagut un moment especialment significatiu, ha estat el dia que hem obert les portes de l\u2019aula a les fam\u00edlies per presentar-los tot all\u00f2 que hem apr\u00e8s.<\/p>\n<p style=\"text-align: justify\" data-start=\"447\" data-end=\"869\">Amb veu clara, mirada il\u00b7lusionada i una barreja d\u2019emoci\u00f3 i orgull, hem explicat els aprenentatges constru\u00efts al llarg del quadrimestre. Les fam\u00edlies han gaudit escoltant-nos, observant com ens express\u00e0vem i com transmet\u00edem el qu\u00e8 hav\u00edem apr\u00e8s. S\u2019han creat moments de complicitat, somriures i mirades que ho deien tot. Ha estat un espai on l\u2019escola i la fam\u00edlia s\u2019han trobat per celebrar l\u2019esfor\u00e7, la const\u00e0ncia i la il\u00b7lusi\u00f3 per aprendre.<\/p>\n<p style=\"text-align: justify\" data-start=\"1523\" data-end=\"1702\" data-is-last-node=\"\" data-is-only-node=\"\">Gr\u00e0cies fam\u00edlies per ser-hi, per escoltar-nos, per emocionar-vos amb nosaltres i per continuar caminant al nostre costat en aquesta bonica aventura de cr\u00e9ixer.<\/p>\n<p data-start=\"1523\" data-end=\"1702\" data-is-last-node=\"\" data-is-only-node=\"\">Alumnat de CS<\/p>\n<\/div>\n<\/div>\n<\/div>\n<\/div>\n<\/div>\n<\/div>\n<\/article>\n<\/div>\n","protected":false},"excerpt":{"rendered":"<p>Aquest primer trimestre de curs, a cicle superior hem viscut un bonic viatge per a descobrir el cos hum\u00e0. Ha estat un cam\u00ed ple de preguntes, experiments, descobertes i moments compartits que ens han ajudat a entendre millor com som i com funcionem. Per\u00f2 si&hellip;  <a href=\"https:\/\/agora.xtec.cat\/esc-teresabergada\/blocs-de-primaria\/6e\/familiaprojecte-creixem-junts\/\" title=\"Read FAM\u00cdLIA&amp;PROJECTE: CREIXEM JUNTS\">Llegeix m\u00e9s\u00bb<\/a><\/p>\n","protected":false},"author":32,"featured_media":12775,"comment_status":"open","ping_status":"open","sticky":false,"template":"","format":"standard","meta":{"_bbp_topic_count":0,"_bbp_reply_count":0,"_bbp_total_topic_count":0,"_bbp_total_reply_count":0,"_bbp_voice_count":0,"_bbp_anonymous_reply_count":0,"_bbp_topic_count_hidden":0,"_bbp_reply_count_hidden":0,"_bbp_forum_subforum_count":0,"footnotes":""},"categories":[349,240],"tags":[461],"class_list":["post-12771","post","type-post","status-publish","format-standard","has-post-thumbnail","hentry","category-5e","category-6e","tag-projecte-cos-huma"],"post_mailing_queue_ids":[],"_links":{"self":[{"href":"https:\/\/agora.xtec.cat\/esc-teresabergada\/wp-json\/wp\/v2\/posts\/12771","targetHints":{"allow":["GET"]}}],"collection":[{"href":"https:\/\/agora.xtec.cat\/esc-teresabergada\/wp-json\/wp\/v2\/posts"}],"about":[{"href":"https:\/\/agora.xtec.cat\/esc-teresabergada\/wp-json\/wp\/v2\/types\/post"}],"author":[{"embeddable":true,"href":"https:\/\/agora.xtec.cat\/esc-teresabergada\/wp-json\/wp\/v2\/users\/32"}],"replies":[{"embeddable":true,"href":"https:\/\/agora.xtec.cat\/esc-teresabergada\/wp-json\/wp\/v2\/comments?post=12771"}],"version-history":[{"count":6,"href":"https:\/\/agora.xtec.cat\/esc-teresabergada\/wp-json\/wp\/v2\/posts\/12771\/revisions"}],"predecessor-version":[{"id":12779,"href":"https:\/\/agora.xtec.cat\/esc-teresabergada\/wp-json\/wp\/v2\/posts\/12771\/revisions\/12779"}],"wp:featuredmedia":[{"embeddable":true,"href":"https:\/\/agora.xtec.cat\/esc-teresabergada\/wp-json\/wp\/v2\/media\/12775"}],"wp:attachment":[{"href":"https:\/\/agora.xtec.cat\/esc-teresabergada\/wp-json\/wp\/v2\/media?parent=12771"}],"wp:term":[{"taxonomy":"category","embeddable":true,"href":"https:\/\/agora.xtec.cat\/esc-teresabergada\/wp-json\/wp\/v2\/categories?post=12771"},{"taxonomy":"post_tag","embeddable":true,"href":"https:\/\/agora.xtec.cat\/esc-teresabergada\/wp-json\/wp\/v2\/tags?post=12771"}],"curies":[{"name":"wp","href":"https:\/\/api.w.org\/{rel}","templated":true}]}}