{"id":12760,"date":"2026-02-04T13:42:04","date_gmt":"2026-02-04T12:42:04","guid":{"rendered":"https:\/\/agora.xtec.cat\/esc-teresabergada\/?p=12760"},"modified":"2026-02-04T13:42:04","modified_gmt":"2026-02-04T12:42:04","slug":"tallers-dart-internivells-explorant-lunivers","status":"publish","type":"post","link":"https:\/\/agora.xtec.cat\/esc-teresabergada\/general\/tallers-dart-internivells-explorant-lunivers\/","title":{"rendered":"Tallers d\u2019art internivells: explorant l\u2019Univers"},"content":{"rendered":"<p>Durant aquest \u00faltim trimestre i l\u2019inici del segon, a les estones d&#8217;Art dels dimecres a la tarda, els alumnes de\u00a0<strong>Cicle Mitj\u00e0<\/strong>\u00a0han participat en\u00a0<strong>tallers d\u2019art internivells<\/strong>, barrejant nens i nenes de\u00a0<strong>3r i 4t<\/strong>. Aquesta manera de treballar ha fomentat la cooperaci\u00f3, l\u2019ajuda m\u00fatua i l\u2019aprenentatge compartit entre alumnes de diferents cursos.<\/p>\n<p>Totes les activitats s&#8217;han vinculat amb el\u00a0<strong>projecte de l&#8217;Univers<\/strong>, treballant l&#8217;art des de perspectives molt diverses i creatives.<\/p>\n<p>En primer lloc, els infants han constru\u00eft\u00a0<strong>els planetes del sistema solar<\/strong>\u00a0utilitzant paper de diari i una barreja de cola i aigua, experimentant amb textures i volums per representar els cossos celestes.<\/p>\n<p>A continuaci\u00f3, hem treballat\u00a0<strong>les constel\u00b7lacions<\/strong>, relacionant-les amb el\u00a0<strong>signe del zod\u00edac de cada nen i nena<\/strong>. Cada alumne ha representat la seva constel\u00b7laci\u00f3 clavant xinxetes sobre planxes de\u00a0<strong>goma eva<\/strong>, creant composicions visuals molt originals.<\/p>\n<p>Tamb\u00e9 hem elaborat\u00a0<strong>malabars<\/strong>\u00a0amb arr\u00f2s per simular els cossos celestes en moviment, unint expressi\u00f3 art\u00edstica, creativitat i treball manual.<\/p>\n<p>Finalment, hem conegut i treballat diferents\u00a0<strong>artistes que han representat o imaginat l&#8217;Univers<\/strong>\u00a0en les seves obres, com\u00a0<strong>Vincent van Gogh<\/strong>\u00a0amb\u00a0<em>La nit estrellada<\/em>,\u00a0<strong>Yayoi Kusama<\/strong>\u00a0amb\u00a0<em>Univers i llum<\/em>,\u00a0<strong>Joan Mir\u00f3<\/strong>\u00a0amb les seves\u00a0<em>Constel\u00b7lacions<\/em>\u00a0i\u00a0<strong>Paul Klee<\/strong>. A partir d\u2019aquests referents, els alumnes han pogut observar, interpretar i crear les seves pr\u00f2pies produccions art\u00edstiques.<\/p>\n","protected":false},"excerpt":{"rendered":"<p>Durant aquest \u00faltim trimestre i l\u2019inici del segon, a les estones d&#8217;Art dels dimecres a la tarda, els alumnes de\u00a0Cicle Mitj\u00e0\u00a0han participat en\u00a0tallers d\u2019art internivells, barrejant nens i nenes de\u00a03r i 4t. Aquesta manera de treballar ha fomentat la cooperaci\u00f3, l\u2019ajuda m\u00fatua i l\u2019aprenentatge compartit&hellip;  <a href=\"https:\/\/agora.xtec.cat\/esc-teresabergada\/general\/tallers-dart-internivells-explorant-lunivers\/\" title=\"Read Tallers d\u2019art internivells: explorant l\u2019Univers\">Llegeix m\u00e9s\u00bb<\/a><\/p>\n","protected":false},"author":60,"featured_media":12762,"comment_status":"open","ping_status":"open","sticky":false,"template":"","format":"standard","meta":{"_bbp_topic_count":0,"_bbp_reply_count":0,"_bbp_total_topic_count":0,"_bbp_total_reply_count":0,"_bbp_voice_count":0,"_bbp_anonymous_reply_count":0,"_bbp_topic_count_hidden":0,"_bbp_reply_count_hidden":0,"_bbp_forum_subforum_count":0,"footnotes":""},"categories":[238,250,1],"tags":[],"class_list":["post-12760","post","type-post","status-publish","format-standard","has-post-thumbnail","hentry","category-3r","category-4t","category-general"],"post_mailing_queue_ids":[],"_links":{"self":[{"href":"https:\/\/agora.xtec.cat\/esc-teresabergada\/wp-json\/wp\/v2\/posts\/12760","targetHints":{"allow":["GET"]}}],"collection":[{"href":"https:\/\/agora.xtec.cat\/esc-teresabergada\/wp-json\/wp\/v2\/posts"}],"about":[{"href":"https:\/\/agora.xtec.cat\/esc-teresabergada\/wp-json\/wp\/v2\/types\/post"}],"author":[{"embeddable":true,"href":"https:\/\/agora.xtec.cat\/esc-teresabergada\/wp-json\/wp\/v2\/users\/60"}],"replies":[{"embeddable":true,"href":"https:\/\/agora.xtec.cat\/esc-teresabergada\/wp-json\/wp\/v2\/comments?post=12760"}],"version-history":[{"count":1,"href":"https:\/\/agora.xtec.cat\/esc-teresabergada\/wp-json\/wp\/v2\/posts\/12760\/revisions"}],"predecessor-version":[{"id":12761,"href":"https:\/\/agora.xtec.cat\/esc-teresabergada\/wp-json\/wp\/v2\/posts\/12760\/revisions\/12761"}],"wp:featuredmedia":[{"embeddable":true,"href":"https:\/\/agora.xtec.cat\/esc-teresabergada\/wp-json\/wp\/v2\/media\/12762"}],"wp:attachment":[{"href":"https:\/\/agora.xtec.cat\/esc-teresabergada\/wp-json\/wp\/v2\/media?parent=12760"}],"wp:term":[{"taxonomy":"category","embeddable":true,"href":"https:\/\/agora.xtec.cat\/esc-teresabergada\/wp-json\/wp\/v2\/categories?post=12760"},{"taxonomy":"post_tag","embeddable":true,"href":"https:\/\/agora.xtec.cat\/esc-teresabergada\/wp-json\/wp\/v2\/tags?post=12760"}],"curies":[{"name":"wp","href":"https:\/\/api.w.org\/{rel}","templated":true}]}}