{"id":12756,"date":"2026-01-30T14:06:47","date_gmt":"2026-01-30T13:06:47","guid":{"rendered":"https:\/\/agora.xtec.cat\/esc-teresabergada\/?p=12756"},"modified":"2026-02-09T15:57:33","modified_gmt":"2026-02-09T14:57:33","slug":"denip-2026","status":"publish","type":"post","link":"https:\/\/agora.xtec.cat\/esc-teresabergada\/general\/denip-2026\/","title":{"rendered":"DENIP 2026"},"content":{"rendered":"<p data-path-to-node=\"5\"><img loading=\"lazy\" decoding=\"async\" class=\"alignleft  wp-image-12758\" src=\"https:\/\/agora.xtec.cat\/esc-teresabergada\/wp-content\/uploads\/usu1533\/2026\/01\/Screenshot_20260130_140510_Gallery-169x300.jpg\" alt=\"\" width=\"132\" height=\"234\" srcset=\"https:\/\/agora.xtec.cat\/esc-teresabergada\/wp-content\/uploads\/usu1533\/2026\/01\/Screenshot_20260130_140510_Gallery-169x300.jpg 169w, https:\/\/agora.xtec.cat\/esc-teresabergada\/wp-content\/uploads\/usu1533\/2026\/01\/Screenshot_20260130_140510_Gallery-576x1024.jpg 576w, https:\/\/agora.xtec.cat\/esc-teresabergada\/wp-content\/uploads\/usu1533\/2026\/01\/Screenshot_20260130_140510_Gallery-768x1365.jpg 768w, https:\/\/agora.xtec.cat\/esc-teresabergada\/wp-content\/uploads\/usu1533\/2026\/01\/Screenshot_20260130_140510_Gallery-864x1536.jpg 864w, https:\/\/agora.xtec.cat\/esc-teresabergada\/wp-content\/uploads\/usu1533\/2026\/01\/Screenshot_20260130_140510_Gallery.jpg 1080w\" sizes=\"auto, (max-width: 132px) 100vw, 132px\" \/>Avui, 30 de gener, la nostra escola s&#8217;ha omplert d&#8217;esperan\u00e7a per celebrar el <b data-path-to-node=\"5\" data-index-in-node=\"77\">DENIP<\/b> (Dia Escolar de la No-viol\u00e8ncia i la Pau).<\/p>\n<p data-path-to-node=\"6\">Aquest any hem volgut que els nostres missatges arribin simb\u00f2licament ben lluny. Hem constru\u00eft <b data-path-to-node=\"6\" data-index-in-node=\"119\">avions de paper<\/b> molt especials. No eren simples fulls plegats; sin\u00f3 que eren plens de paraules boniques, missatges de pau i els nostres millors desitjos per construir un m\u00f3n m\u00e9s just i una escola millor per a tothom.<\/p>\n<p data-path-to-node=\"7\">Ha estat un <b data-path-to-node=\"7\" data-index-in-node=\"78\">&#8220;Vol per la pau&#8221;.<\/b><\/p>\n<p data-path-to-node=\"8\">Treballem cada dia perqu\u00e8 aquests missatges no es quedin nom\u00e9s en paper, sin\u00f3 que formin part del nostre dia a dia.<\/p>\n<p data-path-to-node=\"8\">Feli\u00e7 dia de la Pau!<\/p>\n","protected":false},"excerpt":{"rendered":"<p>Avui, 30 de gener, la nostra escola s&#8217;ha omplert d&#8217;esperan\u00e7a per celebrar el DENIP (Dia Escolar de la No-viol\u00e8ncia i la Pau).<br \/>\nAquest any hem volgut que els nostres missatges arribin simb\u00f2licament ben lluny. Hem constru\u00eft avions de paper molt especials. No eren simples fulls plegats;&hellip;  <a href=\"https:\/\/agora.xtec.cat\/esc-teresabergada\/general\/denip-2026\/\" title=\"Read DENIP 2026\">Llegeix m\u00e9s\u00bb<\/a><\/p>\n","protected":false},"author":1,"featured_media":12758,"comment_status":"open","ping_status":"open","sticky":false,"template":"","format":"standard","meta":{"_bbp_topic_count":0,"_bbp_reply_count":0,"_bbp_total_topic_count":0,"_bbp_total_reply_count":0,"_bbp_voice_count":0,"_bbp_anonymous_reply_count":0,"_bbp_topic_count_hidden":0,"_bbp_reply_count_hidden":0,"_bbp_forum_subforum_count":0,"footnotes":""},"categories":[656,1,2,4],"tags":[680,395],"class_list":["post-12756","post","type-post","status-publish","format-standard","has-post-thumbnail","hentry","category-blocs-de-primaria","category-general","category-infantil","category-portada","tag-escolateresabergada","tag-denip"],"post_mailing_queue_ids":[],"_links":{"self":[{"href":"https:\/\/agora.xtec.cat\/esc-teresabergada\/wp-json\/wp\/v2\/posts\/12756","targetHints":{"allow":["GET"]}}],"collection":[{"href":"https:\/\/agora.xtec.cat\/esc-teresabergada\/wp-json\/wp\/v2\/posts"}],"about":[{"href":"https:\/\/agora.xtec.cat\/esc-teresabergada\/wp-json\/wp\/v2\/types\/post"}],"author":[{"embeddable":true,"href":"https:\/\/agora.xtec.cat\/esc-teresabergada\/wp-json\/wp\/v2\/users\/1"}],"replies":[{"embeddable":true,"href":"https:\/\/agora.xtec.cat\/esc-teresabergada\/wp-json\/wp\/v2\/comments?post=12756"}],"version-history":[{"count":4,"href":"https:\/\/agora.xtec.cat\/esc-teresabergada\/wp-json\/wp\/v2\/posts\/12756\/revisions"}],"predecessor-version":[{"id":12770,"href":"https:\/\/agora.xtec.cat\/esc-teresabergada\/wp-json\/wp\/v2\/posts\/12756\/revisions\/12770"}],"wp:featuredmedia":[{"embeddable":true,"href":"https:\/\/agora.xtec.cat\/esc-teresabergada\/wp-json\/wp\/v2\/media\/12758"}],"wp:attachment":[{"href":"https:\/\/agora.xtec.cat\/esc-teresabergada\/wp-json\/wp\/v2\/media?parent=12756"}],"wp:term":[{"taxonomy":"category","embeddable":true,"href":"https:\/\/agora.xtec.cat\/esc-teresabergada\/wp-json\/wp\/v2\/categories?post=12756"},{"taxonomy":"post_tag","embeddable":true,"href":"https:\/\/agora.xtec.cat\/esc-teresabergada\/wp-json\/wp\/v2\/tags?post=12756"}],"curies":[{"name":"wp","href":"https:\/\/api.w.org\/{rel}","templated":true}]}}