{"id":12722,"date":"2025-12-20T12:46:53","date_gmt":"2025-12-20T11:46:53","guid":{"rendered":"https:\/\/agora.xtec.cat\/esc-teresabergada\/?p=12722"},"modified":"2025-12-20T12:46:53","modified_gmt":"2025-12-20T11:46:53","slug":"aroma-de-nadal","status":"publish","type":"post","link":"https:\/\/agora.xtec.cat\/esc-teresabergada\/infantil\/aroma-de-nadal\/","title":{"rendered":"AROMA DE NADAL"},"content":{"rendered":"<p><a href=\"https:\/\/agora.xtec.cat\/esc-teresabergada\/wp-content\/uploads\/usu1533\/2025\/12\/soca-revista-final-1.jpg\"><img loading=\"lazy\" decoding=\"async\" class=\"alignnone wp-image-12726\" src=\"https:\/\/agora.xtec.cat\/esc-teresabergada\/wp-content\/uploads\/usu1533\/2025\/12\/soca-revista-final-1-883x1024.jpg\" alt=\"\" width=\"350\" height=\"406\" srcset=\"https:\/\/agora.xtec.cat\/esc-teresabergada\/wp-content\/uploads\/usu1533\/2025\/12\/soca-revista-final-1-883x1024.jpg 883w, https:\/\/agora.xtec.cat\/esc-teresabergada\/wp-content\/uploads\/usu1533\/2025\/12\/soca-revista-final-1-259x300.jpg 259w, https:\/\/agora.xtec.cat\/esc-teresabergada\/wp-content\/uploads\/usu1533\/2025\/12\/soca-revista-final-1-768x891.jpg 768w, https:\/\/agora.xtec.cat\/esc-teresabergada\/wp-content\/uploads\/usu1533\/2025\/12\/soca-revista-final-1-1324x1536.jpg 1324w, https:\/\/agora.xtec.cat\/esc-teresabergada\/wp-content\/uploads\/usu1533\/2025\/12\/soca-revista-final-1.jpg 1609w\" sizes=\"auto, (max-width: 350px) 100vw, 350px\" \/><\/a><\/p>\n<p>Des que va arribar la SOCA a l&#8217;escola, es perceb una aroma especial. Nadal \u00e9s tradici\u00f3 i retrobament familiar; a l&#8217;escola tamb\u00e9 en fem unes pinzellades.<\/p>\n<p>Tots els infants d&#8217;infantil han tingut cura de la <strong>Soca<\/strong>, tapant-la amb una manteta, omplint la cassola de peles de fruita i abastint-la d&#8217;aigua. No li ha faltat de res. Tot fins que l&#8217;hem fet cagar entre tots i per a tots els nens i nenes de l&#8217;escola.<\/p>\n<p>Tamb\u00e9 hem rebut la visita del conegut <strong>Camarlenc<\/strong>, que com cada any\u00a0 ha recollit totes les cartes solid\u00e0ries que hem confeccionat per classes. Ens ha agradat molt la seva pres\u00e8ncia perqu\u00e8 ens ha resp\u00f2s totes les preguntes i ens ha ofert un xupa-xup.<\/p>\n<p>Hem pogut assistir al teatre en angl\u00e8s &#8220;<strong>Santa&#8217;s Boots<\/strong>&#8220;, molt adient per acompanyar aquestes activitats festives.<\/p>\n<p>A les aules hem dedicat una bona estona a fer treballs nadalencs com targes, detalls decoratius, algun rac\u00f3 de minimon i joc simb\u00f2lic recreant moments festius. Per endolcir aquesta aroma que envaix tota l&#8217;escola, tots els nens han preparat amb la senyoreta N\u00faria les nadales-amb coregografia inclosa. La festa final ha estat la cantada de nadales al <strong>Festival de Nadal<\/strong>, al pavell\u00f3 esportiu.<\/p>\n<p>&nbsp;<\/p>\n<p>&nbsp;<\/p>\n","protected":false},"excerpt":{"rendered":"<p><a href=\"https:\/\/agora.xtec.cat\/esc-teresabergada\/wp-content\/uploads\/usu1533\/2025\/12\/soca-revista-final-1.jpg\"><\/a><br \/>\nDes que va arribar la SOCA a l&#8217;escola, es perceb una aroma especial. Nadal \u00e9s tradici\u00f3 i retrobament familiar; a l&#8217;escola tamb\u00e9 en fem unes pinzellades.<br \/>\nTots els infants d&#8217;infantil han tingut cura de la Soca, tapant-la amb una manteta, omplint la cassola de peles&hellip;  <a href=\"https:\/\/agora.xtec.cat\/esc-teresabergada\/infantil\/aroma-de-nadal\/\" title=\"Read AROMA DE NADAL\">Llegeix m\u00e9s\u00bb<\/a><\/p>\n","protected":false},"author":12,"featured_media":0,"comment_status":"open","ping_status":"open","sticky":false,"template":"","format":"standard","meta":{"_bbp_topic_count":0,"_bbp_reply_count":0,"_bbp_total_topic_count":0,"_bbp_total_reply_count":0,"_bbp_voice_count":0,"_bbp_anonymous_reply_count":0,"_bbp_topic_count_hidden":0,"_bbp_reply_count_hidden":0,"_bbp_forum_subforum_count":0,"footnotes":""},"categories":[515,236,251,2],"tags":[121,71],"class_list":["post-12722","post","type-post","status-publish","format-standard","hentry","category-i3","category-i4","category-i5","category-infantil","tag-educacio-infantil","tag-nadal"],"post_mailing_queue_ids":[],"_links":{"self":[{"href":"https:\/\/agora.xtec.cat\/esc-teresabergada\/wp-json\/wp\/v2\/posts\/12722","targetHints":{"allow":["GET"]}}],"collection":[{"href":"https:\/\/agora.xtec.cat\/esc-teresabergada\/wp-json\/wp\/v2\/posts"}],"about":[{"href":"https:\/\/agora.xtec.cat\/esc-teresabergada\/wp-json\/wp\/v2\/types\/post"}],"author":[{"embeddable":true,"href":"https:\/\/agora.xtec.cat\/esc-teresabergada\/wp-json\/wp\/v2\/users\/12"}],"replies":[{"embeddable":true,"href":"https:\/\/agora.xtec.cat\/esc-teresabergada\/wp-json\/wp\/v2\/comments?post=12722"}],"version-history":[{"count":2,"href":"https:\/\/agora.xtec.cat\/esc-teresabergada\/wp-json\/wp\/v2\/posts\/12722\/revisions"}],"predecessor-version":[{"id":12727,"href":"https:\/\/agora.xtec.cat\/esc-teresabergada\/wp-json\/wp\/v2\/posts\/12722\/revisions\/12727"}],"wp:attachment":[{"href":"https:\/\/agora.xtec.cat\/esc-teresabergada\/wp-json\/wp\/v2\/media?parent=12722"}],"wp:term":[{"taxonomy":"category","embeddable":true,"href":"https:\/\/agora.xtec.cat\/esc-teresabergada\/wp-json\/wp\/v2\/categories?post=12722"},{"taxonomy":"post_tag","embeddable":true,"href":"https:\/\/agora.xtec.cat\/esc-teresabergada\/wp-json\/wp\/v2\/tags?post=12722"}],"curies":[{"name":"wp","href":"https:\/\/api.w.org\/{rel}","templated":true}]}}