{"id":12715,"date":"2025-12-18T00:06:12","date_gmt":"2025-12-17T23:06:12","guid":{"rendered":"https:\/\/agora.xtec.cat\/esc-teresabergada\/?p=12715"},"modified":"2026-02-05T19:41:25","modified_gmt":"2026-02-05T18:41:25","slug":"som-com-som-lart-com-a-espai-per-reconeixer-nos-i-celebrar-nos","status":"publish","type":"post","link":"https:\/\/agora.xtec.cat\/esc-teresabergada\/general\/som-com-som-lart-com-a-espai-per-reconeixer-nos-i-celebrar-nos\/","title":{"rendered":"\u200b\u200bSOM COM SOM: L&#8217;ART COM A ESPAI PER RECON\u00c8IXER-NOS I CELEBRAR-NOS"},"content":{"rendered":"<p>Aquest curs hem iniciat els tallers d&#8217;art a partir d&#8217;una proposta que va m\u00e9s enll\u00e0 de l&#8217;expressi\u00f3 pl\u00e0stica i que parteix d&#8217;una caixa de La Panera, titulada SOM COM SOM, CELEBREM-HO! Una iniciativa estretament vinculada amb el projecte de medi sobre el cos hum\u00e0, fet que permet establir connexions entre les diferents \u00e0rees d&#8217;aprenentatge.<\/p>\n<p>El cartell &#8220;Els nostres cossos. Els nostres relats&#8221; ens convida a reflexionar sobre com entenem, vivim i estimem el nostre cos. &#8220;Aix\u00ed em veig&#8221; planteja preguntes sobre l&#8217;autoimatge i el tra\u00e7 que millor ens descriu. &#8220;Som com som, celebrem-ho! Utilitza banderoles i segells com a s\u00edmbol de celebraci\u00f3 de la diversitat, i, finalment, el taller d&#8217;anatomia art\u00edstica, permet explorar les diferents parts del cos des d&#8217;una mirada art\u00edstica.<\/p>\n<p>Aquestes experi\u00e8ncies mostren la import\u00e0ncia de l&#8217;art a l&#8217;escola com a eina per expressar emocions, construir identitat promoure l&#8217;acceptaci\u00f3 i el respecte, posant en valor la diversitat com a element essencial de l&#8217;educaci\u00f3.<\/p>\n<p>&nbsp;<\/p>\n<p>&nbsp;<\/p>\n<p><a href=\"https:\/\/agora.xtec.cat\/esc-teresabergada\/wp-content\/uploads\/usu1533\/2025\/12\/IMG_3161-1-scaled.jpg\"><img loading=\"lazy\" decoding=\"async\" class=\"wp-image-12763 aligncenter\" src=\"https:\/\/agora.xtec.cat\/esc-teresabergada\/wp-content\/uploads\/usu1533\/2025\/12\/IMG_3161-1-551x1024.jpg\" alt=\"\" width=\"305\" height=\"567\" srcset=\"https:\/\/agora.xtec.cat\/esc-teresabergada\/wp-content\/uploads\/usu1533\/2025\/12\/IMG_3161-1-551x1024.jpg 551w, https:\/\/agora.xtec.cat\/esc-teresabergada\/wp-content\/uploads\/usu1533\/2025\/12\/IMG_3161-1-162x300.jpg 162w, https:\/\/agora.xtec.cat\/esc-teresabergada\/wp-content\/uploads\/usu1533\/2025\/12\/IMG_3161-1-768x1426.jpg 768w, https:\/\/agora.xtec.cat\/esc-teresabergada\/wp-content\/uploads\/usu1533\/2025\/12\/IMG_3161-1-827x1536.jpg 827w, https:\/\/agora.xtec.cat\/esc-teresabergada\/wp-content\/uploads\/usu1533\/2025\/12\/IMG_3161-1-1103x2048.jpg 1103w, https:\/\/agora.xtec.cat\/esc-teresabergada\/wp-content\/uploads\/usu1533\/2025\/12\/IMG_3161-1-scaled.jpg 1379w\" sizes=\"auto, (max-width: 305px) 100vw, 305px\" \/><\/a><\/p>\n","protected":false},"excerpt":{"rendered":"<p>Aquest curs hem iniciat els tallers d&#8217;art a partir d&#8217;una proposta que va m\u00e9s enll\u00e0 de l&#8217;expressi\u00f3 pl\u00e0stica i que parteix d&#8217;una caixa de La Panera, titulada SOM COM SOM, CELEBREM-HO! Una iniciativa estretament vinculada amb el projecte de medi sobre el cos hum\u00e0, fet&hellip;  <a href=\"https:\/\/agora.xtec.cat\/esc-teresabergada\/general\/som-com-som-lart-com-a-espai-per-reconeixer-nos-i-celebrar-nos\/\" title=\"Read \u200b\u200bSOM COM SOM: L&#8217;ART COM A ESPAI PER RECON\u00c8IXER-NOS I CELEBRAR-NOS\">Llegeix m\u00e9s\u00bb<\/a><\/p>\n","protected":false},"author":91,"featured_media":0,"comment_status":"open","ping_status":"open","sticky":false,"template":"","format":"standard","meta":{"_bbp_topic_count":0,"_bbp_reply_count":0,"_bbp_total_topic_count":0,"_bbp_total_reply_count":0,"_bbp_voice_count":0,"_bbp_anonymous_reply_count":0,"_bbp_topic_count_hidden":0,"_bbp_reply_count_hidden":0,"_bbp_forum_subforum_count":0,"footnotes":""},"categories":[349,240,1],"tags":[],"class_list":["post-12715","post","type-post","status-publish","format-standard","hentry","category-5e","category-6e","category-general"],"post_mailing_queue_ids":[],"_links":{"self":[{"href":"https:\/\/agora.xtec.cat\/esc-teresabergada\/wp-json\/wp\/v2\/posts\/12715","targetHints":{"allow":["GET"]}}],"collection":[{"href":"https:\/\/agora.xtec.cat\/esc-teresabergada\/wp-json\/wp\/v2\/posts"}],"about":[{"href":"https:\/\/agora.xtec.cat\/esc-teresabergada\/wp-json\/wp\/v2\/types\/post"}],"author":[{"embeddable":true,"href":"https:\/\/agora.xtec.cat\/esc-teresabergada\/wp-json\/wp\/v2\/users\/91"}],"replies":[{"embeddable":true,"href":"https:\/\/agora.xtec.cat\/esc-teresabergada\/wp-json\/wp\/v2\/comments?post=12715"}],"version-history":[{"count":4,"href":"https:\/\/agora.xtec.cat\/esc-teresabergada\/wp-json\/wp\/v2\/posts\/12715\/revisions"}],"predecessor-version":[{"id":12764,"href":"https:\/\/agora.xtec.cat\/esc-teresabergada\/wp-json\/wp\/v2\/posts\/12715\/revisions\/12764"}],"wp:attachment":[{"href":"https:\/\/agora.xtec.cat\/esc-teresabergada\/wp-json\/wp\/v2\/media?parent=12715"}],"wp:term":[{"taxonomy":"category","embeddable":true,"href":"https:\/\/agora.xtec.cat\/esc-teresabergada\/wp-json\/wp\/v2\/categories?post=12715"},{"taxonomy":"post_tag","embeddable":true,"href":"https:\/\/agora.xtec.cat\/esc-teresabergada\/wp-json\/wp\/v2\/tags?post=12715"}],"curies":[{"name":"wp","href":"https:\/\/api.w.org\/{rel}","templated":true}]}}