{"id":12711,"date":"2025-12-17T17:01:38","date_gmt":"2025-12-17T16:01:38","guid":{"rendered":"https:\/\/agora.xtec.cat\/esc-teresabergada\/?p=12711"},"modified":"2025-12-17T17:06:48","modified_gmt":"2025-12-17T16:06:48","slug":"visita-de-lexpert","status":"publish","type":"post","link":"https:\/\/agora.xtec.cat\/esc-teresabergada\/blocs-de-primaria\/2n\/visita-de-lexpert\/","title":{"rendered":"VISITA DE L&#8217;EXPERT"},"content":{"rendered":"<p data-path-to-node=\"3\"><b>Investigant els arbres del pati!<\/b><\/p>\n<p data-path-to-node=\"4\">El passat divendres 12 vam viure una tarda molt especial. Vam penjar el cartell de &#8220;No Molestar&#8221;\u00a0 i vam obrir les portes a una visita que era crucial per a la nostra investigaci\u00f3: el <b>Santi<\/b>, el jardiner responsable que va plantar els magn\u00edfics arbres del nostre pati el curs passat!<\/p>\n<p data-path-to-node=\"5\">Com que actualment estem immersos en l&#8217;aprenentatge del m\u00f3n vegetal, ten\u00edem un llistat de preguntes m\u00e9s llarg que una arrel de sequoia!<\/p>\n<p data-path-to-node=\"7\">Els nostres alumnes de segon, que s&#8217;estan fent experts en estructurar entrevistes, van preparar un q\u00fcestionari que va treure al Santi tota la informaci\u00f3 m\u00e9s sucosa. Vam aprendre&#8230; i molt!<\/p>\n<p data-path-to-node=\"8,0,0\">Vam descobrir els noms de cada esp\u00e8cie del nostre pati, vam parlar de quina al\u00e7ada poden arribar a tenir, quants anys tenen ara els nostres arbres, i si tots tenen flors o fruits&#8230;entre moltes altres.<\/p>\n<p data-path-to-node=\"10\">Per\u00f2 la revelaci\u00f3 que ens va deixar bocabadats va ser la seg\u00fcent: <b>tenim un arbre al pati que prov\u00e9 de l&#8217;\u00e8poca dels dinosaures!<\/b> S\u00ed, heu llegit b\u00e9! Una aut\u00e8ntica rel\u00edquia vegetal que ha sobreviscut milions d&#8217;anys i ara \u00e9s aqu\u00ed, fent ombra als nostres jocs.<\/p>\n<p data-path-to-node=\"11\">Una sessi\u00f3 inoblidable que ens demostra que la natura est\u00e0 plena de sorpreses i que el nostre pati \u00e9s molt m\u00e9s que ciment i gronxadors. Gr\u00e0cies, Santi, per una lli\u00e7\u00f3 de medi que ens ajudar\u00e0 molt en la nostra tasca!<\/p>\n","protected":false},"excerpt":{"rendered":"<p>Investigant els arbres del pati!<br \/>\nEl passat divendres 12 vam viure una tarda molt especial. Vam penjar el cartell de &#8220;No Molestar&#8221;\u00a0 i vam obrir les portes a una visita que era crucial per a la nostra investigaci\u00f3: el Santi, el jardiner responsable que va plantar&hellip;  <a href=\"https:\/\/agora.xtec.cat\/esc-teresabergada\/blocs-de-primaria\/2n\/visita-de-lexpert\/\" title=\"Read VISITA DE L&#8217;EXPERT\">Llegeix m\u00e9s\u00bb<\/a><\/p>\n","protected":false},"author":16,"featured_media":12712,"comment_status":"open","ping_status":"open","sticky":false,"template":"","format":"standard","meta":{"_bbp_topic_count":0,"_bbp_reply_count":0,"_bbp_total_topic_count":0,"_bbp_total_reply_count":0,"_bbp_voice_count":0,"_bbp_anonymous_reply_count":0,"_bbp_topic_count_hidden":0,"_bbp_reply_count_hidden":0,"_bbp_forum_subforum_count":0,"footnotes":""},"categories":[153,656],"tags":[396,252,135,678,679,594],"class_list":["post-12711","post","type-post","status-publish","format-standard","has-post-thumbnail","hentry","category-2n","category-blocs-de-primaria","tag-1r","tag-2n","tag-cicle-inicial","tag-els-arbres-del-nostre-pati","tag-lentrevista","tag-projecte-de-medi"],"post_mailing_queue_ids":[],"_links":{"self":[{"href":"https:\/\/agora.xtec.cat\/esc-teresabergada\/wp-json\/wp\/v2\/posts\/12711","targetHints":{"allow":["GET"]}}],"collection":[{"href":"https:\/\/agora.xtec.cat\/esc-teresabergada\/wp-json\/wp\/v2\/posts"}],"about":[{"href":"https:\/\/agora.xtec.cat\/esc-teresabergada\/wp-json\/wp\/v2\/types\/post"}],"author":[{"embeddable":true,"href":"https:\/\/agora.xtec.cat\/esc-teresabergada\/wp-json\/wp\/v2\/users\/16"}],"replies":[{"embeddable":true,"href":"https:\/\/agora.xtec.cat\/esc-teresabergada\/wp-json\/wp\/v2\/comments?post=12711"}],"version-history":[{"count":2,"href":"https:\/\/agora.xtec.cat\/esc-teresabergada\/wp-json\/wp\/v2\/posts\/12711\/revisions"}],"predecessor-version":[{"id":12714,"href":"https:\/\/agora.xtec.cat\/esc-teresabergada\/wp-json\/wp\/v2\/posts\/12711\/revisions\/12714"}],"wp:featuredmedia":[{"embeddable":true,"href":"https:\/\/agora.xtec.cat\/esc-teresabergada\/wp-json\/wp\/v2\/media\/12712"}],"wp:attachment":[{"href":"https:\/\/agora.xtec.cat\/esc-teresabergada\/wp-json\/wp\/v2\/media?parent=12711"}],"wp:term":[{"taxonomy":"category","embeddable":true,"href":"https:\/\/agora.xtec.cat\/esc-teresabergada\/wp-json\/wp\/v2\/categories?post=12711"},{"taxonomy":"post_tag","embeddable":true,"href":"https:\/\/agora.xtec.cat\/esc-teresabergada\/wp-json\/wp\/v2\/tags?post=12711"}],"curies":[{"name":"wp","href":"https:\/\/api.w.org\/{rel}","templated":true}]}}