{"id":12703,"date":"2025-12-02T18:15:18","date_gmt":"2025-12-02T17:15:18","guid":{"rendered":"https:\/\/agora.xtec.cat\/esc-teresabergada\/?p=12703"},"modified":"2025-12-02T18:21:09","modified_gmt":"2025-12-02T17:21:09","slug":"celebrem-santa-cecilia-2","status":"publish","type":"post","link":"https:\/\/agora.xtec.cat\/esc-teresabergada\/portada\/celebrem-santa-cecilia-2\/","title":{"rendered":"CELEBREM SANTA CEC\u00cdLIA!"},"content":{"rendered":"<p><strong>Novembre torna a convertir-se en el mes de la m\u00fasica, i \u00e9s que la setmana passada vam celebrar Santa Cec\u00edlia, patrona de la m\u00fasica i dels m\u00fasics.<\/strong>\u00a0La m\u00fasica ens fa vibrar, ens acompanya i ens uneix, i per aix\u00f2 no pod\u00edem deixar passar l\u2019oportunitat de dedicar-li un dia tan especial.<\/p>\n<p>Els nostres alumnes van preparar petites actuacions plenes d\u2019il\u00b7lusi\u00f3: van tocar guitarres, teclats, violins i altres instruments, i tamb\u00e9 van omplir les classes de veus cantant can\u00e7ons que havien assajat amb molta dedicaci\u00f3. Cada actuaci\u00f3 va ser un petit regal que ens va permetre gaudir de la m\u00fasica en directe i compartir la seva creativitat i esfor\u00e7 amb el grup.<\/p>\n<p>Va ser una setmana preciosa, plena de ritme, emoci\u00f3 i companyia, en qu\u00e8 els infants van demostrar que la m\u00fasica \u00e9s un llenguatge que ens connecta a tots.<\/p>\n<p><strong>Moltes gr\u00e0cies, artistes, per fer-nos viure moments tan especials\u2026 i que la m\u00fasica no deixi mai de sonar!<\/strong><\/p>\n<p>&nbsp;<\/p>\n<p>&nbsp;<\/p>\n","protected":false},"excerpt":{"rendered":"<p>Novembre torna a convertir-se en el mes de la m\u00fasica, i \u00e9s que la setmana passada vam celebrar Santa Cec\u00edlia, patrona de la m\u00fasica i dels m\u00fasics.\u00a0La m\u00fasica ens fa vibrar, ens acompanya i ens uneix, i per aix\u00f2 no pod\u00edem deixar passar l\u2019oportunitat de&hellip;  <a href=\"https:\/\/agora.xtec.cat\/esc-teresabergada\/portada\/celebrem-santa-cecilia-2\/\" title=\"Read CELEBREM SANTA CEC\u00cdLIA!\">Llegeix m\u00e9s\u00bb<\/a><\/p>\n","protected":false},"author":88,"featured_media":12704,"comment_status":"open","ping_status":"open","sticky":false,"template":"","format":"standard","meta":{"_bbp_topic_count":0,"_bbp_reply_count":0,"_bbp_total_topic_count":0,"_bbp_total_reply_count":0,"_bbp_voice_count":0,"_bbp_anonymous_reply_count":0,"_bbp_topic_count_hidden":0,"_bbp_reply_count_hidden":0,"_bbp_forum_subforum_count":0,"footnotes":""},"categories":[104,4],"tags":[],"class_list":["post-12703","post","type-post","status-publish","format-standard","has-post-thumbnail","hentry","category-musica","category-portada"],"post_mailing_queue_ids":[],"_links":{"self":[{"href":"https:\/\/agora.xtec.cat\/esc-teresabergada\/wp-json\/wp\/v2\/posts\/12703","targetHints":{"allow":["GET"]}}],"collection":[{"href":"https:\/\/agora.xtec.cat\/esc-teresabergada\/wp-json\/wp\/v2\/posts"}],"about":[{"href":"https:\/\/agora.xtec.cat\/esc-teresabergada\/wp-json\/wp\/v2\/types\/post"}],"author":[{"embeddable":true,"href":"https:\/\/agora.xtec.cat\/esc-teresabergada\/wp-json\/wp\/v2\/users\/88"}],"replies":[{"embeddable":true,"href":"https:\/\/agora.xtec.cat\/esc-teresabergada\/wp-json\/wp\/v2\/comments?post=12703"}],"version-history":[{"count":2,"href":"https:\/\/agora.xtec.cat\/esc-teresabergada\/wp-json\/wp\/v2\/posts\/12703\/revisions"}],"predecessor-version":[{"id":12706,"href":"https:\/\/agora.xtec.cat\/esc-teresabergada\/wp-json\/wp\/v2\/posts\/12703\/revisions\/12706"}],"wp:featuredmedia":[{"embeddable":true,"href":"https:\/\/agora.xtec.cat\/esc-teresabergada\/wp-json\/wp\/v2\/media\/12704"}],"wp:attachment":[{"href":"https:\/\/agora.xtec.cat\/esc-teresabergada\/wp-json\/wp\/v2\/media?parent=12703"}],"wp:term":[{"taxonomy":"category","embeddable":true,"href":"https:\/\/agora.xtec.cat\/esc-teresabergada\/wp-json\/wp\/v2\/categories?post=12703"},{"taxonomy":"post_tag","embeddable":true,"href":"https:\/\/agora.xtec.cat\/esc-teresabergada\/wp-json\/wp\/v2\/tags?post=12703"}],"curies":[{"name":"wp","href":"https:\/\/api.w.org\/{rel}","templated":true}]}}