{"id":12685,"date":"2025-11-04T19:36:24","date_gmt":"2025-11-04T18:36:24","guid":{"rendered":"https:\/\/agora.xtec.cat\/esc-teresabergada\/?p=12685"},"modified":"2025-11-04T19:36:48","modified_gmt":"2025-11-04T18:36:48","slug":"exit-a-la-cursa-de-laeroport","status":"publish","type":"post","link":"https:\/\/agora.xtec.cat\/esc-teresabergada\/portada\/exit-a-la-cursa-de-laeroport\/","title":{"rendered":"\u00c8xit a la Cursa de l&#8217;Aeroport!"},"content":{"rendered":"<p data-pm-slice=\"1 1 []\">Aquest cap de setmana, alumnes de la nostra escola van participar a la Cursa de l\u2019Aeroport, i no podem estar m\u00e9s orgullosos del seu esfor\u00e7 i capacitat de superaci\u00f3. Ho van donar tot!<\/p>\n<p>A l\u2019escola valorem l\u2019activitat f\u00edsica com una oportunitat per cr\u00e9ixer, aprendre i construir h\u00e0bits de vida saludables. Dies com aquest ens recorden que, quan sumem esfor\u00e7 i il\u00b7lusi\u00f3, podem arribar molt lluny.<\/p>\n<p>Enhorabona a tots i totes les participants!<\/p>\n<p><img loading=\"lazy\" decoding=\"async\" class=\"wp-image-12686 aligncenter\" src=\"https:\/\/agora.xtec.cat\/esc-teresabergada\/wp-content\/uploads\/usu1533\/2025\/11\/WhatsApp-Image-2025-11-04-at-19.06.00-562x1024.jpeg\" alt=\"\" width=\"214\" height=\"390\" srcset=\"https:\/\/agora.xtec.cat\/esc-teresabergada\/wp-content\/uploads\/usu1533\/2025\/11\/WhatsApp-Image-2025-11-04-at-19.06.00-562x1024.jpeg 562w, https:\/\/agora.xtec.cat\/esc-teresabergada\/wp-content\/uploads\/usu1533\/2025\/11\/WhatsApp-Image-2025-11-04-at-19.06.00-165x300.jpeg 165w, https:\/\/agora.xtec.cat\/esc-teresabergada\/wp-content\/uploads\/usu1533\/2025\/11\/WhatsApp-Image-2025-11-04-at-19.06.00-768x1400.jpeg 768w, https:\/\/agora.xtec.cat\/esc-teresabergada\/wp-content\/uploads\/usu1533\/2025\/11\/WhatsApp-Image-2025-11-04-at-19.06.00-843x1536.jpeg 843w, https:\/\/agora.xtec.cat\/esc-teresabergada\/wp-content\/uploads\/usu1533\/2025\/11\/WhatsApp-Image-2025-11-04-at-19.06.00.jpeg 921w\" sizes=\"auto, (max-width: 214px) 100vw, 214px\" \/><\/p>\n","protected":false},"excerpt":{"rendered":"<p>Aquest cap de setmana, alumnes de la nostra escola van participar a la Cursa de l\u2019Aeroport, i no podem estar m\u00e9s orgullosos del seu esfor\u00e7 i capacitat de superaci\u00f3. Ho van donar tot!<br \/>\nA l\u2019escola valorem l\u2019activitat f\u00edsica com una oportunitat per cr\u00e9ixer, aprendre i construir&hellip;  <a href=\"https:\/\/agora.xtec.cat\/esc-teresabergada\/portada\/exit-a-la-cursa-de-laeroport\/\" title=\"Read \u00c8xit a la Cursa de l&#8217;Aeroport!\">Llegeix m\u00e9s\u00bb<\/a><\/p>\n","protected":false},"author":68,"featured_media":0,"comment_status":"open","ping_status":"open","sticky":false,"template":"","format":"standard","meta":{"_bbp_topic_count":0,"_bbp_reply_count":0,"_bbp_total_topic_count":0,"_bbp_total_reply_count":0,"_bbp_voice_count":0,"_bbp_anonymous_reply_count":0,"_bbp_topic_count_hidden":0,"_bbp_reply_count_hidden":0,"_bbp_forum_subforum_count":0,"footnotes":""},"categories":[352,109,4],"tags":[],"class_list":["post-12685","post","type-post","status-publish","format-standard","hentry","category-activitats-en-familia","category-ed-fisica","category-portada"],"post_mailing_queue_ids":[],"_links":{"self":[{"href":"https:\/\/agora.xtec.cat\/esc-teresabergada\/wp-json\/wp\/v2\/posts\/12685","targetHints":{"allow":["GET"]}}],"collection":[{"href":"https:\/\/agora.xtec.cat\/esc-teresabergada\/wp-json\/wp\/v2\/posts"}],"about":[{"href":"https:\/\/agora.xtec.cat\/esc-teresabergada\/wp-json\/wp\/v2\/types\/post"}],"author":[{"embeddable":true,"href":"https:\/\/agora.xtec.cat\/esc-teresabergada\/wp-json\/wp\/v2\/users\/68"}],"replies":[{"embeddable":true,"href":"https:\/\/agora.xtec.cat\/esc-teresabergada\/wp-json\/wp\/v2\/comments?post=12685"}],"version-history":[{"count":1,"href":"https:\/\/agora.xtec.cat\/esc-teresabergada\/wp-json\/wp\/v2\/posts\/12685\/revisions"}],"predecessor-version":[{"id":12687,"href":"https:\/\/agora.xtec.cat\/esc-teresabergada\/wp-json\/wp\/v2\/posts\/12685\/revisions\/12687"}],"wp:attachment":[{"href":"https:\/\/agora.xtec.cat\/esc-teresabergada\/wp-json\/wp\/v2\/media?parent=12685"}],"wp:term":[{"taxonomy":"category","embeddable":true,"href":"https:\/\/agora.xtec.cat\/esc-teresabergada\/wp-json\/wp\/v2\/categories?post=12685"},{"taxonomy":"post_tag","embeddable":true,"href":"https:\/\/agora.xtec.cat\/esc-teresabergada\/wp-json\/wp\/v2\/tags?post=12685"}],"curies":[{"name":"wp","href":"https:\/\/api.w.org\/{rel}","templated":true}]}}