{"id":12674,"date":"2025-10-30T15:42:42","date_gmt":"2025-10-30T14:42:42","guid":{"rendered":"https:\/\/agora.xtec.cat\/esc-teresabergada\/?p=12674"},"modified":"2025-10-30T15:42:42","modified_gmt":"2025-10-30T14:42:42","slug":"celebrem-la-tardor","status":"publish","type":"post","link":"https:\/\/agora.xtec.cat\/esc-teresabergada\/general\/celebrem-la-tardor\/","title":{"rendered":"CELEBREM LA TARDOR"},"content":{"rendered":"<p data-start=\"309\" data-end=\"497\">Avui \u00e9s un dia especial! Aquest mat\u00ed hem celebrat la tardor a l\u2019escola. Els diferents cicles hem participat en tallers de tardor, durant els quals els nens i nenes han gaudit d\u2019all\u00f2 m\u00e9s.<\/p>\n<p data-start=\"499\" data-end=\"810\">L\u2019alumnat d\u2019Educaci\u00f3 Infantil ha preparat broquetes de fruita per poder gaudir d\u2019un esmorzar de tardor bon\u00edssim, mentre que l\u2019alumnat de Prim\u00e0ria s\u2019ha convertit en veritables artistes i ha posat en pr\u00e0ctica la seva creativitat elaborant paisatges de tardor i mandales amb llegums i diferents tipus de llavors.<\/p>\n<p data-start=\"812\" data-end=\"1232\">Aquests matins ens permeten compartir moments especials amb els nostres padrins i fillols de lectura, amb els companys d\u2019altres classes i en espais diferents. A m\u00e9s, hem pogut gaudir del tan esperat <em data-start=\"1011\" data-end=\"1023\">Pati Obert<\/em>, durant el qual, a l\u2019estona d\u2019esbarjo, l\u2019alumnat d\u2019Educaci\u00f3 Infantil pot jugar al \u201cpati dels grans\u201d, i els nens i nenes de Prim\u00e0ria poden tornar al \u201cpati dels petits\u201d i recordar els temps en qu\u00e8 hi jugaven.<\/p>\n<p data-start=\"812\" data-end=\"1232\"><img loading=\"lazy\" decoding=\"async\" class=\"size-medium wp-image-12680 aligncenter\" src=\"https:\/\/agora.xtec.cat\/esc-teresabergada\/wp-content\/uploads\/usu1533\/2025\/10\/20251030_140804-300x138.jpg\" alt=\"\" width=\"300\" height=\"138\" srcset=\"https:\/\/agora.xtec.cat\/esc-teresabergada\/wp-content\/uploads\/usu1533\/2025\/10\/20251030_140804-300x138.jpg 300w, https:\/\/agora.xtec.cat\/esc-teresabergada\/wp-content\/uploads\/usu1533\/2025\/10\/20251030_140804-768x354.jpg 768w, https:\/\/agora.xtec.cat\/esc-teresabergada\/wp-content\/uploads\/usu1533\/2025\/10\/20251030_140804.jpg 832w\" sizes=\"auto, (max-width: 300px) 100vw, 300px\" \/><\/p>\n<p data-start=\"289\" data-end=\"573\">A la tarda, per culminar el treball de danses tradicionals catalanes realitzat a les sessions d\u2019Educaci\u00f3 F\u00edsica \u2014on hem explorat diferents ritmes, la coordinaci\u00f3 i el treball en equip\u2014, hem tingut l\u2019oportunitat de compartir amb les fam\u00edlies el resultat d\u2019aquesta bonica experi\u00e8ncia.<\/p>\n<p style=\"text-align: center;\" data-start=\"289\" data-end=\"573\"><del><img loading=\"lazy\" decoding=\"async\" class=\"size-medium wp-image-12679 aligncenter\" src=\"https:\/\/agora.xtec.cat\/esc-teresabergada\/wp-content\/uploads\/usu1533\/2025\/10\/20251030_1532561-300x111.jpg\" alt=\"\" width=\"300\" height=\"111\" srcset=\"https:\/\/agora.xtec.cat\/esc-teresabergada\/wp-content\/uploads\/usu1533\/2025\/10\/20251030_1532561-300x111.jpg 300w, https:\/\/agora.xtec.cat\/esc-teresabergada\/wp-content\/uploads\/usu1533\/2025\/10\/20251030_1532561-768x283.jpg 768w, https:\/\/agora.xtec.cat\/esc-teresabergada\/wp-content\/uploads\/usu1533\/2025\/10\/20251030_1532561.jpg 798w\" sizes=\"auto, (max-width: 300px) 100vw, 300px\" \/><\/del><\/p>\n<p data-start=\"575\" data-end=\"821\">Amb aquesta activitat fomentem la tradici\u00f3, la diversitat i la col\u00b7laboraci\u00f3 entre companys, i alhora creem vincles entre fam\u00edlia i escola. Moments com aquests ens recorden que, quan compartim, la nostra comunitat es fa m\u00e9s gran i m\u00e9s forta.<\/p>\n<p data-start=\"1234\" data-end=\"1257\">Compartir \u00e9s viure.<\/p>\n<p>&nbsp;<\/p>\n","protected":false},"excerpt":{"rendered":"<p>Avui \u00e9s un dia especial! Aquest mat\u00ed hem celebrat la tardor a l\u2019escola. Els diferents cicles hem participat en tallers de tardor, durant els quals els nens i nenes han gaudit d\u2019all\u00f2 m\u00e9s.<br \/>\nL\u2019alumnat d\u2019Educaci\u00f3 Infantil ha preparat broquetes de fruita per poder gaudir d\u2019un esmorzar&hellip;  <a href=\"https:\/\/agora.xtec.cat\/esc-teresabergada\/general\/celebrem-la-tardor\/\" title=\"Read CELEBREM LA TARDOR\">Llegeix m\u00e9s\u00bb<\/a><\/p>\n","protected":false},"author":1,"featured_media":12680,"comment_status":"open","ping_status":"open","sticky":false,"template":"","format":"standard","meta":{"_bbp_topic_count":0,"_bbp_reply_count":0,"_bbp_total_topic_count":0,"_bbp_total_reply_count":0,"_bbp_voice_count":0,"_bbp_anonymous_reply_count":0,"_bbp_topic_count_hidden":0,"_bbp_reply_count_hidden":0,"_bbp_forum_subforum_count":0,"footnotes":""},"categories":[348,153,238,250,349,240,1,515,236,251,4],"tags":[],"class_list":["post-12674","post","type-post","status-publish","format-standard","has-post-thumbnail","hentry","category-1r","category-2n","category-3r","category-4t","category-5e","category-6e","category-general","category-i3","category-i4","category-i5","category-portada"],"post_mailing_queue_ids":[],"_links":{"self":[{"href":"https:\/\/agora.xtec.cat\/esc-teresabergada\/wp-json\/wp\/v2\/posts\/12674","targetHints":{"allow":["GET"]}}],"collection":[{"href":"https:\/\/agora.xtec.cat\/esc-teresabergada\/wp-json\/wp\/v2\/posts"}],"about":[{"href":"https:\/\/agora.xtec.cat\/esc-teresabergada\/wp-json\/wp\/v2\/types\/post"}],"author":[{"embeddable":true,"href":"https:\/\/agora.xtec.cat\/esc-teresabergada\/wp-json\/wp\/v2\/users\/1"}],"replies":[{"embeddable":true,"href":"https:\/\/agora.xtec.cat\/esc-teresabergada\/wp-json\/wp\/v2\/comments?post=12674"}],"version-history":[{"count":2,"href":"https:\/\/agora.xtec.cat\/esc-teresabergada\/wp-json\/wp\/v2\/posts\/12674\/revisions"}],"predecessor-version":[{"id":12681,"href":"https:\/\/agora.xtec.cat\/esc-teresabergada\/wp-json\/wp\/v2\/posts\/12674\/revisions\/12681"}],"wp:featuredmedia":[{"embeddable":true,"href":"https:\/\/agora.xtec.cat\/esc-teresabergada\/wp-json\/wp\/v2\/media\/12680"}],"wp:attachment":[{"href":"https:\/\/agora.xtec.cat\/esc-teresabergada\/wp-json\/wp\/v2\/media?parent=12674"}],"wp:term":[{"taxonomy":"category","embeddable":true,"href":"https:\/\/agora.xtec.cat\/esc-teresabergada\/wp-json\/wp\/v2\/categories?post=12674"},{"taxonomy":"post_tag","embeddable":true,"href":"https:\/\/agora.xtec.cat\/esc-teresabergada\/wp-json\/wp\/v2\/tags?post=12674"}],"curies":[{"name":"wp","href":"https:\/\/api.w.org\/{rel}","templated":true}]}}