{"id":12661,"date":"2025-10-17T12:54:23","date_gmt":"2025-10-17T10:54:23","guid":{"rendered":"https:\/\/agora.xtec.cat\/esc-teresabergada\/?p=12661"},"modified":"2025-10-17T12:54:23","modified_gmt":"2025-10-17T10:54:23","slug":"descobrim-el-mnactec","status":"publish","type":"post","link":"https:\/\/agora.xtec.cat\/esc-teresabergada\/blocs-de-primaria\/6e\/descobrim-el-mnactec\/","title":{"rendered":"DESCOBRIM EL MNACTEC"},"content":{"rendered":"<p style=\"text-align: justify\" data-start=\"285\" data-end=\"621\">Ahir, l&#8217;alumnat de 5\u00e8 i 6\u00e8 vam viure una experi\u00e8ncia \u00fanica amb la visita al Museu Nacional de la Ci\u00e8ncia i la T\u00e8cnica de Catalunya (MNACTEC), situat a Terrassa, dins d\u2019una antiga f\u00e0brica t\u00e8xtil totalment rehabilitada. L\u2019edifici, que mant\u00e9 tot l\u2019encant industrial original, ja ens va sorprendre nom\u00e9s arribar!<\/p>\n<p style=\"text-align: justify\" data-start=\"623\" data-end=\"1007\">Nom\u00e9s posar-hi els peus, vam comen\u00e7ar a explorar aquest espai tan especial que combina patrimoni, ci\u00e8ncia i tecnologia. Vam aprendre moltes coses sobre com funcionaven antigament les f\u00e0briques i com ha evolucionat la tecnologia al llarg del temps. Ens va impressionar veure les m\u00e0quines de l\u2019\u00e8poca i entendre com era el dia a dia dels treballadors i treballadores d\u2019aquells temps.<\/p>\n<p style=\"text-align: justify\" data-start=\"1009\" data-end=\"1429\">Despr\u00e9s, ens vam endinsar a la sala <em>&#8220;Com soc? El rac\u00f3 del cos hum\u00e0&#8221;<\/em>, una exposici\u00f3 interactiva on vam poder experimentar, manipular i descobrir molts aspectes del nostre cos. Va ser una part molt divertida i educativa de la visita, ja que ens va permetre completar i aprofundir en el projecte del cos hum\u00e0 que estem treballant a l\u2019escola. Ens vam fer preguntes, vam observar, tocar, provar&#8230; i vam aprendre jugant!<\/p>\n<p data-start=\"1009\" data-end=\"1429\"><a href=\"https:\/\/agora.xtec.cat\/esc-teresabergada\/wp-content\/uploads\/usu1533\/2025\/10\/1760698135146-scaled.jpg\"><img loading=\"lazy\" decoding=\"async\" class=\"alignnone  wp-image-12664\" src=\"https:\/\/agora.xtec.cat\/esc-teresabergada\/wp-content\/uploads\/usu1533\/2025\/10\/1760698135146-1024x768.jpg\" alt=\"\" width=\"358\" height=\"269\" srcset=\"https:\/\/agora.xtec.cat\/esc-teresabergada\/wp-content\/uploads\/usu1533\/2025\/10\/1760698135146-1024x768.jpg 1024w, https:\/\/agora.xtec.cat\/esc-teresabergada\/wp-content\/uploads\/usu1533\/2025\/10\/1760698135146-300x225.jpg 300w, https:\/\/agora.xtec.cat\/esc-teresabergada\/wp-content\/uploads\/usu1533\/2025\/10\/1760698135146-768x576.jpg 768w, https:\/\/agora.xtec.cat\/esc-teresabergada\/wp-content\/uploads\/usu1533\/2025\/10\/1760698135146-1536x1152.jpg 1536w, https:\/\/agora.xtec.cat\/esc-teresabergada\/wp-content\/uploads\/usu1533\/2025\/10\/1760698135146-2048x1536.jpg 2048w, https:\/\/agora.xtec.cat\/esc-teresabergada\/wp-content\/uploads\/usu1533\/2025\/10\/1760698135146-200x150.jpg 200w\" sizes=\"auto, (max-width: 358px) 100vw, 358px\" \/><\/a> <a href=\"https:\/\/agora.xtec.cat\/esc-teresabergada\/wp-content\/uploads\/usu1533\/2025\/10\/1760698135160-scaled.jpg\"><img loading=\"lazy\" decoding=\"async\" class=\"alignnone  wp-image-12666\" src=\"https:\/\/agora.xtec.cat\/esc-teresabergada\/wp-content\/uploads\/usu1533\/2025\/10\/1760698135160-1024x768.jpg\" alt=\"\" width=\"359\" height=\"270\" srcset=\"https:\/\/agora.xtec.cat\/esc-teresabergada\/wp-content\/uploads\/usu1533\/2025\/10\/1760698135160-1024x768.jpg 1024w, https:\/\/agora.xtec.cat\/esc-teresabergada\/wp-content\/uploads\/usu1533\/2025\/10\/1760698135160-300x225.jpg 300w, https:\/\/agora.xtec.cat\/esc-teresabergada\/wp-content\/uploads\/usu1533\/2025\/10\/1760698135160-768x576.jpg 768w, https:\/\/agora.xtec.cat\/esc-teresabergada\/wp-content\/uploads\/usu1533\/2025\/10\/1760698135160-1536x1152.jpg 1536w, https:\/\/agora.xtec.cat\/esc-teresabergada\/wp-content\/uploads\/usu1533\/2025\/10\/1760698135160-2048x1536.jpg 2048w, https:\/\/agora.xtec.cat\/esc-teresabergada\/wp-content\/uploads\/usu1533\/2025\/10\/1760698135160-200x150.jpg 200w\" sizes=\"auto, (max-width: 359px) 100vw, 359px\" \/><\/a><\/p>\n<p style=\"text-align: justify\" data-start=\"1009\" data-end=\"1429\">La sortida al MNACTEC ha estat una gran oportunitat per aprendre fora de l\u2019aula, en un entorn ric i estimulant, i per compartir bons moments amb els companys i companyes.<\/p>\n<p style=\"text-align: justify\" data-start=\"1607\" data-end=\"1685\">Tornem a l\u2019escola amb el cap ple de noves idees i ganes de seguir investigant!<\/p>\n","protected":false},"excerpt":{"rendered":"<p>Ahir, l&#8217;alumnat de 5\u00e8 i 6\u00e8 vam viure una experi\u00e8ncia \u00fanica amb la visita al Museu Nacional de la Ci\u00e8ncia i la T\u00e8cnica de Catalunya (MNACTEC), situat a Terrassa, dins d\u2019una antiga f\u00e0brica t\u00e8xtil totalment rehabilitada. L\u2019edifici, que mant\u00e9 tot l\u2019encant industrial original, ja ens&hellip;  <a href=\"https:\/\/agora.xtec.cat\/esc-teresabergada\/blocs-de-primaria\/6e\/descobrim-el-mnactec\/\" title=\"Read DESCOBRIM EL MNACTEC\">Llegeix m\u00e9s\u00bb<\/a><\/p>\n","protected":false},"author":28,"featured_media":12662,"comment_status":"open","ping_status":"open","sticky":false,"template":"","format":"standard","meta":{"_bbp_topic_count":0,"_bbp_reply_count":0,"_bbp_total_topic_count":0,"_bbp_total_reply_count":0,"_bbp_voice_count":0,"_bbp_anonymous_reply_count":0,"_bbp_topic_count_hidden":0,"_bbp_reply_count_hidden":0,"_bbp_forum_subforum_count":0,"footnotes":""},"categories":[349,240],"tags":[],"class_list":["post-12661","post","type-post","status-publish","format-standard","has-post-thumbnail","hentry","category-5e","category-6e"],"post_mailing_queue_ids":[],"_links":{"self":[{"href":"https:\/\/agora.xtec.cat\/esc-teresabergada\/wp-json\/wp\/v2\/posts\/12661","targetHints":{"allow":["GET"]}}],"collection":[{"href":"https:\/\/agora.xtec.cat\/esc-teresabergada\/wp-json\/wp\/v2\/posts"}],"about":[{"href":"https:\/\/agora.xtec.cat\/esc-teresabergada\/wp-json\/wp\/v2\/types\/post"}],"author":[{"embeddable":true,"href":"https:\/\/agora.xtec.cat\/esc-teresabergada\/wp-json\/wp\/v2\/users\/28"}],"replies":[{"embeddable":true,"href":"https:\/\/agora.xtec.cat\/esc-teresabergada\/wp-json\/wp\/v2\/comments?post=12661"}],"version-history":[{"count":2,"href":"https:\/\/agora.xtec.cat\/esc-teresabergada\/wp-json\/wp\/v2\/posts\/12661\/revisions"}],"predecessor-version":[{"id":12667,"href":"https:\/\/agora.xtec.cat\/esc-teresabergada\/wp-json\/wp\/v2\/posts\/12661\/revisions\/12667"}],"wp:featuredmedia":[{"embeddable":true,"href":"https:\/\/agora.xtec.cat\/esc-teresabergada\/wp-json\/wp\/v2\/media\/12662"}],"wp:attachment":[{"href":"https:\/\/agora.xtec.cat\/esc-teresabergada\/wp-json\/wp\/v2\/media?parent=12661"}],"wp:term":[{"taxonomy":"category","embeddable":true,"href":"https:\/\/agora.xtec.cat\/esc-teresabergada\/wp-json\/wp\/v2\/categories?post=12661"},{"taxonomy":"post_tag","embeddable":true,"href":"https:\/\/agora.xtec.cat\/esc-teresabergada\/wp-json\/wp\/v2\/tags?post=12661"}],"curies":[{"name":"wp","href":"https:\/\/api.w.org\/{rel}","templated":true}]}}