{"id":12646,"date":"2025-10-10T08:49:29","date_gmt":"2025-10-10T06:49:29","guid":{"rendered":"https:\/\/agora.xtec.cat\/esc-teresabergada\/?p=12646"},"modified":"2025-10-10T16:58:30","modified_gmt":"2025-10-10T14:58:30","slug":"hora-del-conte","status":"publish","type":"post","link":"https:\/\/agora.xtec.cat\/esc-teresabergada\/infantil\/hora-del-conte\/","title":{"rendered":"HORA DEL CONTE"},"content":{"rendered":"<p>A educaci\u00f3 Infantil, cada dia dediquem 30 minuts a una de les activitats m\u00e9s esperades pels infants: l\u2019hora del conte. Aquest espai tan especial t\u00e9 lloc just despr\u00e9s de sortir al pati, despr\u00e9s d\u2019un moment de relaxaci\u00f3 que ens prepara per gaudir de la lectura amb calma i atenci\u00f3.<\/p>\n<p>Escoltar contes ens ofereix molt m\u00e9s que una estona agradable. A trav\u00e9s d\u2019aquest h\u00e0bit diari, despertem l\u2019inter\u00e8s per la lectura, estimulem la imaginaci\u00f3, potenciem el llenguatge oral i treballem estrat\u00e8gies lectores que ajudaran els infants a fer-se lectors aut\u00f2noms m\u00e9s endavant.<\/p>\n<p>Tamb\u00e9 aprofitem per visitar la biblioteca del centre, on els nens i nenes poden triar contes lliurement i compartir-los amb els companys. Aquest moment de descoberta i intercanvi \u00e9s clau per fomentar el gust per la lectura des de ben petits.<\/p>\n<p>L\u2019hora del conte s\u2019ha convertit en un espai de calma, connexi\u00f3 i aprenentatge, on cada hist\u00f2ria ens obre una porta nova per cr\u00e9ixer i imaginar.<\/p>\n<p><img loading=\"lazy\" decoding=\"async\" class=\" wp-image-12648 aligncenter\" src=\"https:\/\/agora.xtec.cat\/esc-teresabergada\/wp-content\/uploads\/usu1533\/2025\/10\/WhatsApp-Image-2025-10-08-at-17.31.37-225x300.jpeg\" alt=\"\" width=\"296\" height=\"395\" srcset=\"https:\/\/agora.xtec.cat\/esc-teresabergada\/wp-content\/uploads\/usu1533\/2025\/10\/WhatsApp-Image-2025-10-08-at-17.31.37-225x300.jpeg 225w, https:\/\/agora.xtec.cat\/esc-teresabergada\/wp-content\/uploads\/usu1533\/2025\/10\/WhatsApp-Image-2025-10-08-at-17.31.37-768x1024.jpeg 768w, https:\/\/agora.xtec.cat\/esc-teresabergada\/wp-content\/uploads\/usu1533\/2025\/10\/WhatsApp-Image-2025-10-08-at-17.31.37-1152x1536.jpeg 1152w, https:\/\/agora.xtec.cat\/esc-teresabergada\/wp-content\/uploads\/usu1533\/2025\/10\/WhatsApp-Image-2025-10-08-at-17.31.37.jpeg 1536w\" sizes=\"auto, (max-width: 296px) 100vw, 296px\" \/><\/p>\n","protected":false},"excerpt":{"rendered":"<p>A educaci\u00f3 Infantil, cada dia dediquem 30 minuts a una de les activitats m\u00e9s esperades pels infants: l\u2019hora del conte. Aquest espai tan especial t\u00e9 lloc just despr\u00e9s de sortir al pati, despr\u00e9s d\u2019un moment de relaxaci\u00f3 que ens prepara per gaudir de la lectura&hellip;  <a href=\"https:\/\/agora.xtec.cat\/esc-teresabergada\/infantil\/hora-del-conte\/\" title=\"Read HORA DEL CONTE\">Llegeix m\u00e9s\u00bb<\/a><\/p>\n","protected":false},"author":74,"featured_media":12648,"comment_status":"open","ping_status":"open","sticky":false,"template":"","format":"standard","meta":{"_bbp_topic_count":0,"_bbp_reply_count":0,"_bbp_total_topic_count":0,"_bbp_total_reply_count":0,"_bbp_voice_count":0,"_bbp_anonymous_reply_count":0,"_bbp_topic_count_hidden":0,"_bbp_reply_count_hidden":0,"_bbp_forum_subforum_count":0,"footnotes":""},"categories":[515,236,251,2],"tags":[203,666],"class_list":["post-12646","post","type-post","status-publish","format-standard","has-post-thumbnail","hentry","category-i3","category-i4","category-i5","category-infantil","tag-contes","tag-gust-per-la-lectura"],"post_mailing_queue_ids":[],"_links":{"self":[{"href":"https:\/\/agora.xtec.cat\/esc-teresabergada\/wp-json\/wp\/v2\/posts\/12646","targetHints":{"allow":["GET"]}}],"collection":[{"href":"https:\/\/agora.xtec.cat\/esc-teresabergada\/wp-json\/wp\/v2\/posts"}],"about":[{"href":"https:\/\/agora.xtec.cat\/esc-teresabergada\/wp-json\/wp\/v2\/types\/post"}],"author":[{"embeddable":true,"href":"https:\/\/agora.xtec.cat\/esc-teresabergada\/wp-json\/wp\/v2\/users\/74"}],"replies":[{"embeddable":true,"href":"https:\/\/agora.xtec.cat\/esc-teresabergada\/wp-json\/wp\/v2\/comments?post=12646"}],"version-history":[{"count":3,"href":"https:\/\/agora.xtec.cat\/esc-teresabergada\/wp-json\/wp\/v2\/posts\/12646\/revisions"}],"predecessor-version":[{"id":12650,"href":"https:\/\/agora.xtec.cat\/esc-teresabergada\/wp-json\/wp\/v2\/posts\/12646\/revisions\/12650"}],"wp:featuredmedia":[{"embeddable":true,"href":"https:\/\/agora.xtec.cat\/esc-teresabergada\/wp-json\/wp\/v2\/media\/12648"}],"wp:attachment":[{"href":"https:\/\/agora.xtec.cat\/esc-teresabergada\/wp-json\/wp\/v2\/media?parent=12646"}],"wp:term":[{"taxonomy":"category","embeddable":true,"href":"https:\/\/agora.xtec.cat\/esc-teresabergada\/wp-json\/wp\/v2\/categories?post=12646"},{"taxonomy":"post_tag","embeddable":true,"href":"https:\/\/agora.xtec.cat\/esc-teresabergada\/wp-json\/wp\/v2\/tags?post=12646"}],"curies":[{"name":"wp","href":"https:\/\/api.w.org\/{rel}","templated":true}]}}