{"id":12620,"date":"2025-09-25T12:52:27","date_gmt":"2025-09-25T10:52:27","guid":{"rendered":"https:\/\/agora.xtec.cat\/esc-teresabergada\/?p=12620"},"modified":"2025-10-10T16:55:21","modified_gmt":"2025-10-10T14:55:21","slug":"reunio-dinici-de-curs-2","status":"publish","type":"post","link":"https:\/\/agora.xtec.cat\/esc-teresabergada\/blocs-de-primaria\/3r\/reunio-dinici-de-curs-2\/","title":{"rendered":"Reuni\u00f3 d&#8217;inici de curs"},"content":{"rendered":"<p>El passat dimecres 16 de setembre de 2025, vam celebrar la reuni\u00f3 de pares i mares dels alumnes de cicle mitj\u00e0. Durant la trobada es van presentar les principals l\u00ednies de treball del curs, es van explicar les activitats previstes i es van compartir informacions d\u2019organitzaci\u00f3 i funcionament del centre. Tamb\u00e9 hi va haver un espai per resoldre dubtes i establir un di\u00e0leg proper entre fam\u00edlies i equip docent, amb l\u2019objectiu de refor\u00e7ar la col\u00b7laboraci\u00f3 en l\u2019acompanyament educatiu dels infants.<\/p>\n<p>Bon inici de curs a tothom.<\/p>\n<p><a href=\"https:\/\/agora.xtec.cat\/esc-teresabergada\/wp-content\/uploads\/usu1533\/2025\/09\/WhatsApp-Image-2025-09-18-at-09.15.38.jpeg\"><img loading=\"lazy\" decoding=\"async\" class=\"alignnone wp-image-12621\" src=\"https:\/\/agora.xtec.cat\/esc-teresabergada\/wp-content\/uploads\/usu1533\/2025\/09\/WhatsApp-Image-2025-09-18-at-09.15.38-662x1024.jpeg\" alt=\"\" width=\"404\" height=\"625\" srcset=\"https:\/\/agora.xtec.cat\/esc-teresabergada\/wp-content\/uploads\/usu1533\/2025\/09\/WhatsApp-Image-2025-09-18-at-09.15.38-662x1024.jpeg 662w, https:\/\/agora.xtec.cat\/esc-teresabergada\/wp-content\/uploads\/usu1533\/2025\/09\/WhatsApp-Image-2025-09-18-at-09.15.38-194x300.jpeg 194w, https:\/\/agora.xtec.cat\/esc-teresabergada\/wp-content\/uploads\/usu1533\/2025\/09\/WhatsApp-Image-2025-09-18-at-09.15.38-768x1187.jpeg 768w, https:\/\/agora.xtec.cat\/esc-teresabergada\/wp-content\/uploads\/usu1533\/2025\/09\/WhatsApp-Image-2025-09-18-at-09.15.38-994x1536.jpeg 994w, https:\/\/agora.xtec.cat\/esc-teresabergada\/wp-content\/uploads\/usu1533\/2025\/09\/WhatsApp-Image-2025-09-18-at-09.15.38.jpeg 1035w\" sizes=\"auto, (max-width: 404px) 100vw, 404px\" \/><\/a><\/p>\n","protected":false},"excerpt":{"rendered":"<p>El passat dimecres 16 de setembre de 2025, vam celebrar la reuni\u00f3 de pares i mares dels alumnes de cicle mitj\u00e0. Durant la trobada es van presentar les principals l\u00ednies de treball del curs, es van explicar les activitats previstes i es van compartir informacions&hellip;  <a href=\"https:\/\/agora.xtec.cat\/esc-teresabergada\/blocs-de-primaria\/3r\/reunio-dinici-de-curs-2\/\" title=\"Read Reuni\u00f3 d&#8217;inici de curs\">Llegeix m\u00e9s\u00bb<\/a><\/p>\n","protected":false},"author":69,"featured_media":0,"comment_status":"open","ping_status":"open","sticky":false,"template":"","format":"standard","meta":{"_bbp_topic_count":0,"_bbp_reply_count":0,"_bbp_total_topic_count":0,"_bbp_total_reply_count":0,"_bbp_voice_count":0,"_bbp_anonymous_reply_count":0,"_bbp_topic_count_hidden":0,"_bbp_reply_count_hidden":0,"_bbp_forum_subforum_count":0,"footnotes":""},"categories":[238,250,352,656],"tags":[],"class_list":["post-12620","post","type-post","status-publish","format-standard","hentry","category-3r","category-4t","category-activitats-en-familia","category-blocs-de-primaria"],"post_mailing_queue_ids":[],"_links":{"self":[{"href":"https:\/\/agora.xtec.cat\/esc-teresabergada\/wp-json\/wp\/v2\/posts\/12620","targetHints":{"allow":["GET"]}}],"collection":[{"href":"https:\/\/agora.xtec.cat\/esc-teresabergada\/wp-json\/wp\/v2\/posts"}],"about":[{"href":"https:\/\/agora.xtec.cat\/esc-teresabergada\/wp-json\/wp\/v2\/types\/post"}],"author":[{"embeddable":true,"href":"https:\/\/agora.xtec.cat\/esc-teresabergada\/wp-json\/wp\/v2\/users\/69"}],"replies":[{"embeddable":true,"href":"https:\/\/agora.xtec.cat\/esc-teresabergada\/wp-json\/wp\/v2\/comments?post=12620"}],"version-history":[{"count":1,"href":"https:\/\/agora.xtec.cat\/esc-teresabergada\/wp-json\/wp\/v2\/posts\/12620\/revisions"}],"predecessor-version":[{"id":12622,"href":"https:\/\/agora.xtec.cat\/esc-teresabergada\/wp-json\/wp\/v2\/posts\/12620\/revisions\/12622"}],"wp:attachment":[{"href":"https:\/\/agora.xtec.cat\/esc-teresabergada\/wp-json\/wp\/v2\/media?parent=12620"}],"wp:term":[{"taxonomy":"category","embeddable":true,"href":"https:\/\/agora.xtec.cat\/esc-teresabergada\/wp-json\/wp\/v2\/categories?post=12620"},{"taxonomy":"post_tag","embeddable":true,"href":"https:\/\/agora.xtec.cat\/esc-teresabergada\/wp-json\/wp\/v2\/tags?post=12620"}],"curies":[{"name":"wp","href":"https:\/\/api.w.org\/{rel}","templated":true}]}}