{"id":12599,"date":"2025-06-20T15:38:39","date_gmt":"2025-06-20T13:38:39","guid":{"rendered":"https:\/\/agora.xtec.cat\/esc-teresabergada\/?p=12599"},"modified":"2025-09-24T16:24:03","modified_gmt":"2025-09-24T14:24:03","slug":"comiat-refrescant","status":"publish","type":"post","link":"https:\/\/agora.xtec.cat\/esc-teresabergada\/portada\/comiat-refrescant\/","title":{"rendered":"EL COMIAT M\u00c9S FRESC"},"content":{"rendered":"<p><img loading=\"lazy\" decoding=\"async\" class=\"aligncenter wp-image-12600 size-medium\" src=\"https:\/\/agora.xtec.cat\/esc-teresabergada\/wp-content\/uploads\/usu1533\/2025\/06\/Torn-Paper-Photo-Collage-Summer-Instagram-Story-169x300.png\" alt=\"\" width=\"169\" height=\"300\" srcset=\"https:\/\/agora.xtec.cat\/esc-teresabergada\/wp-content\/uploads\/usu1533\/2025\/06\/Torn-Paper-Photo-Collage-Summer-Instagram-Story-169x300.png 169w, https:\/\/agora.xtec.cat\/esc-teresabergada\/wp-content\/uploads\/usu1533\/2025\/06\/Torn-Paper-Photo-Collage-Summer-Instagram-Story-576x1024.png 576w, https:\/\/agora.xtec.cat\/esc-teresabergada\/wp-content\/uploads\/usu1533\/2025\/06\/Torn-Paper-Photo-Collage-Summer-Instagram-Story-768x1365.png 768w, https:\/\/agora.xtec.cat\/esc-teresabergada\/wp-content\/uploads\/usu1533\/2025\/06\/Torn-Paper-Photo-Collage-Summer-Instagram-Story-864x1536.png 864w, https:\/\/agora.xtec.cat\/esc-teresabergada\/wp-content\/uploads\/usu1533\/2025\/06\/Torn-Paper-Photo-Collage-Summer-Instagram-Story.png 1080w\" sizes=\"auto, (max-width: 169px) 100vw, 169px\" \/><\/p>\n<p style=\"text-align: justify;\"><span style=\"font-weight: 400;\">Aquest divendres, el pati de la nostra escola s\u2019ha omplert de rialles, aigua i molta il\u00b7lusi\u00f3 amb la celebraci\u00f3 del tradicional mat\u00ed de jocs d\u2019aigua i el comiat dels grans de l\u2019escola.\u00a0<\/span><\/p>\n<p style=\"text-align: justify;\"><span style=\"font-weight: 400;\">L\u2019alumnat de 6\u00e8 ha estat l\u2019encarregat d\u2019organitzar diferents jocs refrescants perqu\u00e8 alumnes i mestres pogu\u00e9s participar i passar-ho d\u2019all\u00f2 m\u00e9s b\u00e9!<\/span><\/p>\n<p style=\"text-align: justify;\"><span style=\"font-weight: 400;\">Per\u00f2 el moment m\u00e9s emotiu del mat\u00ed ha estat el comiat dels alumnes de 6\u00e8. Despr\u00e9s de tants anys compartint aprenentatges, aventures i amistats, ha arribat l\u2019hora de dir ad\u00e9u a una etapa i comen\u00e7ar-ne una de nova. Per celebrar-ho, tots junts hem ballat i cantat una versi\u00f3 de \u201cLa Marina est\u00e0 morena\u201d del grup Figa Flawas.\u00a0<\/span><\/p>\n<p style=\"text-align: justify;\"><br style=\"font-weight: 400;\" \/><br style=\"font-weight: 400;\" \/><\/p>\n","protected":false},"excerpt":{"rendered":"<p>Aquest divendres, el pati de la nostra escola s\u2019ha omplert de rialles, aigua i molta il\u00b7lusi\u00f3 amb la celebraci\u00f3 del tradicional mat\u00ed de jocs d\u2019aigua i el comiat dels grans de l\u2019escola.\u00a0<br \/>\nL\u2019alumnat de 6\u00e8 ha estat l\u2019encarregat d\u2019organitzar diferents jocs refrescants perqu\u00e8 alumnes i mestres&hellip;  <a href=\"https:\/\/agora.xtec.cat\/esc-teresabergada\/portada\/comiat-refrescant\/\" title=\"Read EL COMIAT M\u00c9S FRESC\">Llegeix m\u00e9s\u00bb<\/a><\/p>\n","protected":false},"author":1,"featured_media":12600,"comment_status":"open","ping_status":"open","sticky":false,"template":"","format":"standard","meta":{"_bbp_topic_count":0,"_bbp_reply_count":0,"_bbp_total_topic_count":0,"_bbp_total_reply_count":0,"_bbp_voice_count":0,"_bbp_anonymous_reply_count":0,"_bbp_topic_count_hidden":0,"_bbp_reply_count_hidden":0,"_bbp_forum_subforum_count":0,"footnotes":""},"categories":[4],"tags":[],"class_list":["post-12599","post","type-post","status-publish","format-standard","has-post-thumbnail","hentry","category-portada"],"post_mailing_queue_ids":[],"_links":{"self":[{"href":"https:\/\/agora.xtec.cat\/esc-teresabergada\/wp-json\/wp\/v2\/posts\/12599","targetHints":{"allow":["GET"]}}],"collection":[{"href":"https:\/\/agora.xtec.cat\/esc-teresabergada\/wp-json\/wp\/v2\/posts"}],"about":[{"href":"https:\/\/agora.xtec.cat\/esc-teresabergada\/wp-json\/wp\/v2\/types\/post"}],"author":[{"embeddable":true,"href":"https:\/\/agora.xtec.cat\/esc-teresabergada\/wp-json\/wp\/v2\/users\/1"}],"replies":[{"embeddable":true,"href":"https:\/\/agora.xtec.cat\/esc-teresabergada\/wp-json\/wp\/v2\/comments?post=12599"}],"version-history":[{"count":3,"href":"https:\/\/agora.xtec.cat\/esc-teresabergada\/wp-json\/wp\/v2\/posts\/12599\/revisions"}],"predecessor-version":[{"id":12617,"href":"https:\/\/agora.xtec.cat\/esc-teresabergada\/wp-json\/wp\/v2\/posts\/12599\/revisions\/12617"}],"wp:featuredmedia":[{"embeddable":true,"href":"https:\/\/agora.xtec.cat\/esc-teresabergada\/wp-json\/wp\/v2\/media\/12600"}],"wp:attachment":[{"href":"https:\/\/agora.xtec.cat\/esc-teresabergada\/wp-json\/wp\/v2\/media?parent=12599"}],"wp:term":[{"taxonomy":"category","embeddable":true,"href":"https:\/\/agora.xtec.cat\/esc-teresabergada\/wp-json\/wp\/v2\/categories?post=12599"},{"taxonomy":"post_tag","embeddable":true,"href":"https:\/\/agora.xtec.cat\/esc-teresabergada\/wp-json\/wp\/v2\/tags?post=12599"}],"curies":[{"name":"wp","href":"https:\/\/api.w.org\/{rel}","templated":true}]}}