{"id":12588,"date":"2025-06-11T19:45:26","date_gmt":"2025-06-11T17:45:26","guid":{"rendered":"https:\/\/agora.xtec.cat\/esc-teresabergada\/?p=12588"},"modified":"2025-06-11T19:45:26","modified_gmt":"2025-06-11T17:45:26","slug":"anem-a-cantania","status":"publish","type":"post","link":"https:\/\/agora.xtec.cat\/esc-teresabergada\/general\/anem-a-cantania\/","title":{"rendered":"ANEM A CANT\u00c0NIA!"},"content":{"rendered":"<p>El passat 27 de maig, l\u2019alumnat de 4t, vam anar a Barcelona per participar en la cantata de Cant\u00e0nia. Despr\u00e9s de molts mesos preparant-nos amb esfor\u00e7 i dedicaci\u00f3, per fi va arribar el gran dia! L\u2019experi\u00e8ncia va ser genial: vam cantar en un escenari de veritat, amb m\u00fasics professionals i amb molts altres nens i nenes d\u2019altres escoles. Ens ho vam passar molt b\u00e9 i va ser un dia que sempre recordarem amb molta il\u00b7lusi\u00f3! Les fam\u00edlies ens van acompanyar en aquest dia tan especial. Moltes gr\u00e0cies pel vostre suport!<\/p>\n<p><a href=\"https:\/\/agora.xtec.cat\/esc-teresabergada\/wp-content\/uploads\/usu1533\/2025\/06\/IMG_0317.png\"><img loading=\"lazy\" decoding=\"async\" class=\"size-large wp-image-12592 aligncenter\" src=\"https:\/\/agora.xtec.cat\/esc-teresabergada\/wp-content\/uploads\/usu1533\/2025\/06\/IMG_0317-1024x724.png\" alt=\"\" width=\"1024\" height=\"724\" srcset=\"https:\/\/agora.xtec.cat\/esc-teresabergada\/wp-content\/uploads\/usu1533\/2025\/06\/IMG_0317-1024x724.png 1024w, https:\/\/agora.xtec.cat\/esc-teresabergada\/wp-content\/uploads\/usu1533\/2025\/06\/IMG_0317-300x212.png 300w, https:\/\/agora.xtec.cat\/esc-teresabergada\/wp-content\/uploads\/usu1533\/2025\/06\/IMG_0317-768x543.png 768w, https:\/\/agora.xtec.cat\/esc-teresabergada\/wp-content\/uploads\/usu1533\/2025\/06\/IMG_0317-1536x1086.png 1536w, https:\/\/agora.xtec.cat\/esc-teresabergada\/wp-content\/uploads\/usu1533\/2025\/06\/IMG_0317-2048x1449.png 2048w\" sizes=\"auto, (max-width: 1024px) 100vw, 1024px\" \/><\/a><\/p>\n","protected":false},"excerpt":{"rendered":"<p>El passat 27 de maig, l\u2019alumnat de 4t, vam anar a Barcelona per participar en la cantata de Cant\u00e0nia. Despr\u00e9s de molts mesos preparant-nos amb esfor\u00e7 i dedicaci\u00f3, per fi va arribar el gran dia! L\u2019experi\u00e8ncia va ser genial: vam cantar en un escenari de&hellip;  <a href=\"https:\/\/agora.xtec.cat\/esc-teresabergada\/general\/anem-a-cantania\/\" title=\"Read ANEM A CANT\u00c0NIA!\">Llegeix m\u00e9s\u00bb<\/a><\/p>\n","protected":false},"author":1,"featured_media":0,"comment_status":"open","ping_status":"open","sticky":false,"template":"","format":"standard","meta":{"_bbp_topic_count":0,"_bbp_reply_count":0,"_bbp_total_topic_count":0,"_bbp_total_reply_count":0,"_bbp_voice_count":0,"_bbp_anonymous_reply_count":0,"_bbp_topic_count_hidden":0,"_bbp_reply_count_hidden":0,"_bbp_forum_subforum_count":0,"footnotes":""},"categories":[250,1,104,4],"tags":[],"class_list":["post-12588","post","type-post","status-publish","format-standard","hentry","category-4t","category-general","category-musica","category-portada"],"post_mailing_queue_ids":[],"_links":{"self":[{"href":"https:\/\/agora.xtec.cat\/esc-teresabergada\/wp-json\/wp\/v2\/posts\/12588","targetHints":{"allow":["GET"]}}],"collection":[{"href":"https:\/\/agora.xtec.cat\/esc-teresabergada\/wp-json\/wp\/v2\/posts"}],"about":[{"href":"https:\/\/agora.xtec.cat\/esc-teresabergada\/wp-json\/wp\/v2\/types\/post"}],"author":[{"embeddable":true,"href":"https:\/\/agora.xtec.cat\/esc-teresabergada\/wp-json\/wp\/v2\/users\/1"}],"replies":[{"embeddable":true,"href":"https:\/\/agora.xtec.cat\/esc-teresabergada\/wp-json\/wp\/v2\/comments?post=12588"}],"version-history":[{"count":3,"href":"https:\/\/agora.xtec.cat\/esc-teresabergada\/wp-json\/wp\/v2\/posts\/12588\/revisions"}],"predecessor-version":[{"id":12594,"href":"https:\/\/agora.xtec.cat\/esc-teresabergada\/wp-json\/wp\/v2\/posts\/12588\/revisions\/12594"}],"wp:attachment":[{"href":"https:\/\/agora.xtec.cat\/esc-teresabergada\/wp-json\/wp\/v2\/media?parent=12588"}],"wp:term":[{"taxonomy":"category","embeddable":true,"href":"https:\/\/agora.xtec.cat\/esc-teresabergada\/wp-json\/wp\/v2\/categories?post=12588"},{"taxonomy":"post_tag","embeddable":true,"href":"https:\/\/agora.xtec.cat\/esc-teresabergada\/wp-json\/wp\/v2\/tags?post=12588"}],"curies":[{"name":"wp","href":"https:\/\/api.w.org\/{rel}","templated":true}]}}