{"id":12581,"date":"2025-06-06T12:20:59","date_gmt":"2025-06-06T10:20:59","guid":{"rendered":"https:\/\/agora.xtec.cat\/esc-teresabergada\/?p=12581"},"modified":"2025-06-06T12:20:59","modified_gmt":"2025-06-06T10:20:59","slug":"diversioamistat-a-la-marinada","status":"publish","type":"post","link":"https:\/\/agora.xtec.cat\/esc-teresabergada\/blocs-de-primaria\/6e\/diversioamistat-a-la-marinada\/","title":{"rendered":"DIVERSI\u00d3&amp;AMISTAT A LA MARINADA"},"content":{"rendered":"<p><img loading=\"lazy\" decoding=\"async\" class=\"aligncenter wp-image-12582 size-large\" src=\"https:\/\/agora.xtec.cat\/esc-teresabergada\/wp-content\/uploads\/usu1533\/2025\/06\/Diseno-sin-titulo-1024x576.jpg\" alt=\"\" width=\"1024\" height=\"576\" srcset=\"https:\/\/agora.xtec.cat\/esc-teresabergada\/wp-content\/uploads\/usu1533\/2025\/06\/Diseno-sin-titulo-1024x576.jpg 1024w, https:\/\/agora.xtec.cat\/esc-teresabergada\/wp-content\/uploads\/usu1533\/2025\/06\/Diseno-sin-titulo-300x169.jpg 300w, https:\/\/agora.xtec.cat\/esc-teresabergada\/wp-content\/uploads\/usu1533\/2025\/06\/Diseno-sin-titulo-768x432.jpg 768w, https:\/\/agora.xtec.cat\/esc-teresabergada\/wp-content\/uploads\/usu1533\/2025\/06\/Diseno-sin-titulo-1536x864.jpg 1536w, https:\/\/agora.xtec.cat\/esc-teresabergada\/wp-content\/uploads\/usu1533\/2025\/06\/Diseno-sin-titulo.jpg 1920w\" sizes=\"auto, (max-width: 1024px) 100vw, 1024px\" \/><\/p>\n<p>Un dels moments m\u00e9s especials del curs finalment ha arribat: les col\u00f2nies! L\u2019alumnat de cinqu\u00e8 i sis\u00e8 ha marxat dos dies a La Marinada, a Cambrils, per compartir viv\u00e8ncies fora de l\u2019escola, conviure i gaudir d\u2019un entorn diferent, a tocar del mar.<\/p>\n<p>Durant l\u2019estada, han gaudit d\u2019activitats a la platja, jocs, banys refrescants a la piscina i, sobretot, molt\u00edssimes estones compartides. Han esmorzat, dinat i sopat plegats, dormint sota el mateix sostre, creant records que segurament es quedaran per sempre al cor.<\/p>\n<p>S\u2019han divertit, han enfortit vincles i han apr\u00e8s a conviure fora de l\u2019entorn habitual. Ha estat una petita gran aventura que tanca una etapa, sobretot per a l&#8217;alumnat de sis\u00e8, i n\u2019obre una altra plena d\u2019il\u00b7lusi\u00f3.<\/p>\n<p data-start=\"753\" data-end=\"895\" data-is-last-node=\"\" data-is-only-node=\"\">Tots i totes tornen amb una motxilla carregada de bons moments, somriures i amistats m\u00e9s fortes. Gr\u00e0cies, La Marinada, per acollir-nos tan b\u00e9!<\/p>\n<p data-start=\"753\" data-end=\"895\" data-is-last-node=\"\" data-is-only-node=\"\">Alumnat de CS<\/p>\n","protected":false},"excerpt":{"rendered":"<p>Un dels moments m\u00e9s especials del curs finalment ha arribat: les col\u00f2nies! L\u2019alumnat de cinqu\u00e8 i sis\u00e8 ha marxat dos dies a La Marinada, a Cambrils, per compartir viv\u00e8ncies fora de l\u2019escola, conviure i gaudir d\u2019un entorn diferent, a tocar del mar.<br \/>\nDurant l\u2019estada, han gaudit&hellip;  <a href=\"https:\/\/agora.xtec.cat\/esc-teresabergada\/blocs-de-primaria\/6e\/diversioamistat-a-la-marinada\/\" title=\"Read DIVERSI\u00d3&amp;AMISTAT A LA MARINADA\">Llegeix m\u00e9s\u00bb<\/a><\/p>\n","protected":false},"author":32,"featured_media":12582,"comment_status":"open","ping_status":"open","sticky":false,"template":"","format":"standard","meta":{"_bbp_topic_count":0,"_bbp_reply_count":0,"_bbp_total_topic_count":0,"_bbp_total_reply_count":0,"_bbp_voice_count":0,"_bbp_anonymous_reply_count":0,"_bbp_topic_count_hidden":0,"_bbp_reply_count_hidden":0,"_bbp_forum_subforum_count":0,"footnotes":""},"categories":[349,240],"tags":[117,411],"class_list":["post-12581","post","type-post","status-publish","format-standard","has-post-thumbnail","hentry","category-5e","category-6e","tag-cicle-superior","tag-colonies"],"post_mailing_queue_ids":[],"_links":{"self":[{"href":"https:\/\/agora.xtec.cat\/esc-teresabergada\/wp-json\/wp\/v2\/posts\/12581","targetHints":{"allow":["GET"]}}],"collection":[{"href":"https:\/\/agora.xtec.cat\/esc-teresabergada\/wp-json\/wp\/v2\/posts"}],"about":[{"href":"https:\/\/agora.xtec.cat\/esc-teresabergada\/wp-json\/wp\/v2\/types\/post"}],"author":[{"embeddable":true,"href":"https:\/\/agora.xtec.cat\/esc-teresabergada\/wp-json\/wp\/v2\/users\/32"}],"replies":[{"embeddable":true,"href":"https:\/\/agora.xtec.cat\/esc-teresabergada\/wp-json\/wp\/v2\/comments?post=12581"}],"version-history":[{"count":4,"href":"https:\/\/agora.xtec.cat\/esc-teresabergada\/wp-json\/wp\/v2\/posts\/12581\/revisions"}],"predecessor-version":[{"id":12586,"href":"https:\/\/agora.xtec.cat\/esc-teresabergada\/wp-json\/wp\/v2\/posts\/12581\/revisions\/12586"}],"wp:featuredmedia":[{"embeddable":true,"href":"https:\/\/agora.xtec.cat\/esc-teresabergada\/wp-json\/wp\/v2\/media\/12582"}],"wp:attachment":[{"href":"https:\/\/agora.xtec.cat\/esc-teresabergada\/wp-json\/wp\/v2\/media?parent=12581"}],"wp:term":[{"taxonomy":"category","embeddable":true,"href":"https:\/\/agora.xtec.cat\/esc-teresabergada\/wp-json\/wp\/v2\/categories?post=12581"},{"taxonomy":"post_tag","embeddable":true,"href":"https:\/\/agora.xtec.cat\/esc-teresabergada\/wp-json\/wp\/v2\/tags?post=12581"}],"curies":[{"name":"wp","href":"https:\/\/api.w.org\/{rel}","templated":true}]}}