{"id":12575,"date":"2025-05-31T18:18:28","date_gmt":"2025-05-31T16:18:28","guid":{"rendered":"https:\/\/agora.xtec.cat\/esc-teresabergada\/?p=12575"},"modified":"2025-05-31T18:20:09","modified_gmt":"2025-05-31T16:20:09","slug":"sortida-estany-divars","status":"publish","type":"post","link":"https:\/\/agora.xtec.cat\/esc-teresabergada\/general\/sortida-estany-divars\/","title":{"rendered":"SORTIDA ESTANY D\u2019IVARS"},"content":{"rendered":"<p style=\"text-align: justify\">El dia 30 de maig s\u2019ha realitzat una sortida a l\u2019Estany d\u2019Ivars. Continuant amb el projecte d\u2019Els animals, s\u2019ha cregut interessant realitzar una visita que ens permet\u00e9s veure sobre el terreny la important diversitat biol\u00f2gica que acull.<br \/>\nS\u2019ha realitzat una ruta on hem trobat amagats objectes (plantes i animals) que l\u2019alumnat ha trobat i gr\u00e0cies a l&#8217;explicaci\u00f3 que ens han ofert, hem apr\u00e8s moltes m\u00e9s coses per al nostre projecte.<\/p>\n<p><a href=\"https:\/\/agora.xtec.cat\/esc-teresabergada\/wp-content\/uploads\/usu1533\/2025\/05\/3cf9c1c6-982b-4e9e-a086-3a9d4c3eaaa2-copia.jpeg\"><img loading=\"lazy\" decoding=\"async\" class=\"alignnone wp-image-12570\" src=\"https:\/\/agora.xtec.cat\/esc-teresabergada\/wp-content\/uploads\/usu1533\/2025\/05\/3cf9c1c6-982b-4e9e-a086-3a9d4c3eaaa2-copia-1024x771.jpeg\" alt=\"\" width=\"304\" height=\"229\" srcset=\"https:\/\/agora.xtec.cat\/esc-teresabergada\/wp-content\/uploads\/usu1533\/2025\/05\/3cf9c1c6-982b-4e9e-a086-3a9d4c3eaaa2-copia-1024x771.jpeg 1024w, https:\/\/agora.xtec.cat\/esc-teresabergada\/wp-content\/uploads\/usu1533\/2025\/05\/3cf9c1c6-982b-4e9e-a086-3a9d4c3eaaa2-copia-300x226.jpeg 300w, https:\/\/agora.xtec.cat\/esc-teresabergada\/wp-content\/uploads\/usu1533\/2025\/05\/3cf9c1c6-982b-4e9e-a086-3a9d4c3eaaa2-copia-768x578.jpeg 768w, https:\/\/agora.xtec.cat\/esc-teresabergada\/wp-content\/uploads\/usu1533\/2025\/05\/3cf9c1c6-982b-4e9e-a086-3a9d4c3eaaa2-copia-1536x1156.jpeg 1536w, https:\/\/agora.xtec.cat\/esc-teresabergada\/wp-content\/uploads\/usu1533\/2025\/05\/3cf9c1c6-982b-4e9e-a086-3a9d4c3eaaa2-copia-200x150.jpeg 200w, https:\/\/agora.xtec.cat\/esc-teresabergada\/wp-content\/uploads\/usu1533\/2025\/05\/3cf9c1c6-982b-4e9e-a086-3a9d4c3eaaa2-copia.jpeg 1600w\" sizes=\"auto, (max-width: 304px) 100vw, 304px\" \/><\/a><\/p>\n<p><a href=\"https:\/\/agora.xtec.cat\/esc-teresabergada\/wp-content\/uploads\/usu1533\/2025\/05\/c98c5731-d7ad-4a28-b445-39fce43987c7-copia.jpeg\"><img loading=\"lazy\" decoding=\"async\" class=\"alignnone wp-image-12569\" src=\"https:\/\/agora.xtec.cat\/esc-teresabergada\/wp-content\/uploads\/usu1533\/2025\/05\/c98c5731-d7ad-4a28-b445-39fce43987c7-copia-1024x467.jpeg\" alt=\"\" width=\"307\" height=\"140\" srcset=\"https:\/\/agora.xtec.cat\/esc-teresabergada\/wp-content\/uploads\/usu1533\/2025\/05\/c98c5731-d7ad-4a28-b445-39fce43987c7-copia-1024x467.jpeg 1024w, https:\/\/agora.xtec.cat\/esc-teresabergada\/wp-content\/uploads\/usu1533\/2025\/05\/c98c5731-d7ad-4a28-b445-39fce43987c7-copia-300x137.jpeg 300w, https:\/\/agora.xtec.cat\/esc-teresabergada\/wp-content\/uploads\/usu1533\/2025\/05\/c98c5731-d7ad-4a28-b445-39fce43987c7-copia-768x350.jpeg 768w, https:\/\/agora.xtec.cat\/esc-teresabergada\/wp-content\/uploads\/usu1533\/2025\/05\/c98c5731-d7ad-4a28-b445-39fce43987c7-copia-1536x700.jpeg 1536w, https:\/\/agora.xtec.cat\/esc-teresabergada\/wp-content\/uploads\/usu1533\/2025\/05\/c98c5731-d7ad-4a28-b445-39fce43987c7-copia.jpeg 1600w\" sizes=\"auto, (max-width: 307px) 100vw, 307px\" \/><\/a><\/p>\n","protected":false},"excerpt":{"rendered":"<p>El dia 30 de maig s\u2019ha realitzat una sortida a l\u2019Estany d\u2019Ivars. Continuant amb el projecte d\u2019Els animals, s\u2019ha cregut interessant realitzar una visita que ens permet\u00e9s veure sobre el terreny la important diversitat biol\u00f2gica que acull.<br \/>\nS\u2019ha realitzat una ruta on hem trobat amagats objectes&hellip;  <a href=\"https:\/\/agora.xtec.cat\/esc-teresabergada\/general\/sortida-estany-divars\/\" title=\"Read SORTIDA ESTANY D\u2019IVARS\">Llegeix m\u00e9s\u00bb<\/a><\/p>\n","protected":false},"author":4,"featured_media":12570,"comment_status":"open","ping_status":"closed","sticky":false,"template":"","format":"standard","meta":{"_bbp_topic_count":0,"_bbp_reply_count":0,"_bbp_total_topic_count":0,"_bbp_total_reply_count":0,"_bbp_voice_count":0,"_bbp_anonymous_reply_count":0,"_bbp_topic_count_hidden":0,"_bbp_reply_count_hidden":0,"_bbp_forum_subforum_count":0,"footnotes":""},"categories":[348,153,656,1,4],"tags":[],"class_list":["post-12575","post","type-post","status-publish","format-standard","has-post-thumbnail","hentry","category-1r","category-2n","category-blocs-de-primaria","category-general","category-portada"],"post_mailing_queue_ids":[],"_links":{"self":[{"href":"https:\/\/agora.xtec.cat\/esc-teresabergada\/wp-json\/wp\/v2\/posts\/12575","targetHints":{"allow":["GET"]}}],"collection":[{"href":"https:\/\/agora.xtec.cat\/esc-teresabergada\/wp-json\/wp\/v2\/posts"}],"about":[{"href":"https:\/\/agora.xtec.cat\/esc-teresabergada\/wp-json\/wp\/v2\/types\/post"}],"author":[{"embeddable":true,"href":"https:\/\/agora.xtec.cat\/esc-teresabergada\/wp-json\/wp\/v2\/users\/4"}],"replies":[{"embeddable":true,"href":"https:\/\/agora.xtec.cat\/esc-teresabergada\/wp-json\/wp\/v2\/comments?post=12575"}],"version-history":[{"count":3,"href":"https:\/\/agora.xtec.cat\/esc-teresabergada\/wp-json\/wp\/v2\/posts\/12575\/revisions"}],"predecessor-version":[{"id":12578,"href":"https:\/\/agora.xtec.cat\/esc-teresabergada\/wp-json\/wp\/v2\/posts\/12575\/revisions\/12578"}],"wp:featuredmedia":[{"embeddable":true,"href":"https:\/\/agora.xtec.cat\/esc-teresabergada\/wp-json\/wp\/v2\/media\/12570"}],"wp:attachment":[{"href":"https:\/\/agora.xtec.cat\/esc-teresabergada\/wp-json\/wp\/v2\/media?parent=12575"}],"wp:term":[{"taxonomy":"category","embeddable":true,"href":"https:\/\/agora.xtec.cat\/esc-teresabergada\/wp-json\/wp\/v2\/categories?post=12575"},{"taxonomy":"post_tag","embeddable":true,"href":"https:\/\/agora.xtec.cat\/esc-teresabergada\/wp-json\/wp\/v2\/tags?post=12575"}],"curies":[{"name":"wp","href":"https:\/\/api.w.org\/{rel}","templated":true}]}}