{"id":12556,"date":"2025-05-31T08:57:19","date_gmt":"2025-05-31T06:57:19","guid":{"rendered":"https:\/\/agora.xtec.cat\/esc-teresabergada\/?p=12556"},"modified":"2025-05-31T09:10:43","modified_gmt":"2025-05-31T07:10:43","slug":"compartim-la-historia","status":"publish","type":"post","link":"https:\/\/agora.xtec.cat\/esc-teresabergada\/blocs-de-primaria\/6e\/compartim-la-historia\/","title":{"rendered":"COMPARTINT LA HIST\u00d2RIA"},"content":{"rendered":"<p style=\"text-align: justify\">Lligat al projecte d&#8217;hist\u00f2ria moderna i contempor\u00e0nia que estem duent a terme a cicle superior, aquest dimecres, vam poder gaudir d&#8217;una tarda molt especial!<\/p>\n<p style=\"text-align: justify\">Vam convidar als nostres padrins i padrines a venir a les nostres aules per tal de compartir part de la seva hist\u00f2ria, sobretot la seva infantesa i joventut. Vol\u00edem con\u00e9ixer com vivien en cases on era com\u00fa que hi convisquessin diferents generacions juntes, com era l&#8217;escola, com aprenien i com els castigaven, a qu\u00e8 jugaven i on, com es vestien, qu\u00e8 menjaven, a quina edat comen\u00e7aven a treballar i tot de preguntes que ens ballaven pel cap.<\/p>\n<p><a href=\"https:\/\/agora.xtec.cat\/esc-teresabergada\/wp-content\/uploads\/usu1533\/2025\/05\/1748673780159.jpg\"><img loading=\"lazy\" decoding=\"async\" class=\"alignnone wp-image-12557\" src=\"https:\/\/agora.xtec.cat\/esc-teresabergada\/wp-content\/uploads\/usu1533\/2025\/05\/1748673780159-1024x1024.jpg\" alt=\"\" width=\"506\" height=\"506\" srcset=\"https:\/\/agora.xtec.cat\/esc-teresabergada\/wp-content\/uploads\/usu1533\/2025\/05\/1748673780159-1024x1024.jpg 1024w, https:\/\/agora.xtec.cat\/esc-teresabergada\/wp-content\/uploads\/usu1533\/2025\/05\/1748673780159-300x300.jpg 300w, https:\/\/agora.xtec.cat\/esc-teresabergada\/wp-content\/uploads\/usu1533\/2025\/05\/1748673780159-150x150.jpg 150w, https:\/\/agora.xtec.cat\/esc-teresabergada\/wp-content\/uploads\/usu1533\/2025\/05\/1748673780159-768x768.jpg 768w, https:\/\/agora.xtec.cat\/esc-teresabergada\/wp-content\/uploads\/usu1533\/2025\/05\/1748673780159-1536x1536.jpg 1536w, https:\/\/agora.xtec.cat\/esc-teresabergada\/wp-content\/uploads\/usu1533\/2025\/05\/1748673780159-2048x2048.jpg 2048w\" sizes=\"auto, (max-width: 506px) 100vw, 506px\" \/><\/a><\/p>\n<p style=\"text-align: justify\">Ens van explicar amb an\u00e8cdotes i records nost\u00e0lgics aquells anys, m\u00e9s humils per\u00f2 feli\u00e7os, que van viure. Records d&#8217;una \u00e8poca on la tecnologia i les presses del dia a dia no ho enva\u00efen tot com ara. Ens van transmetre valors i grans lli\u00e7ons com ara que hem d&#8217;estar agra\u00efts de tot el que tenim avui en dia i que hem de valorar, sobretot, el temps que podem compartir amb la fam\u00edlia, amics i companys d&#8217;escola.<\/p>\n<p style=\"text-align: justify\">Nom\u00e9s podem donar-vos les G R \u00c0 C I E S amb maj\u00fascules per la tarda compartida amb tots i totes vosaltres \u2665<\/p>\n","protected":false},"excerpt":{"rendered":"<p>Lligat al projecte d&#8217;hist\u00f2ria moderna i contempor\u00e0nia que estem duent a terme a cicle superior, aquest dimecres, vam poder gaudir d&#8217;una tarda molt especial!<br \/>\nVam convidar als nostres padrins i padrines a venir a les nostres aules per tal de compartir part de la seva hist\u00f2ria,&hellip;  <a href=\"https:\/\/agora.xtec.cat\/esc-teresabergada\/blocs-de-primaria\/6e\/compartim-la-historia\/\" title=\"Read COMPARTINT LA HIST\u00d2RIA\">Llegeix m\u00e9s\u00bb<\/a><\/p>\n","protected":false},"author":28,"featured_media":12558,"comment_status":"open","ping_status":"closed","sticky":false,"template":"","format":"standard","meta":{"_bbp_topic_count":0,"_bbp_reply_count":0,"_bbp_total_topic_count":0,"_bbp_total_reply_count":0,"_bbp_voice_count":0,"_bbp_anonymous_reply_count":0,"_bbp_topic_count_hidden":0,"_bbp_reply_count_hidden":0,"_bbp_forum_subforum_count":0,"footnotes":""},"categories":[349,240],"tags":[],"class_list":["post-12556","post","type-post","status-publish","format-standard","has-post-thumbnail","hentry","category-5e","category-6e"],"post_mailing_queue_ids":[],"_links":{"self":[{"href":"https:\/\/agora.xtec.cat\/esc-teresabergada\/wp-json\/wp\/v2\/posts\/12556","targetHints":{"allow":["GET"]}}],"collection":[{"href":"https:\/\/agora.xtec.cat\/esc-teresabergada\/wp-json\/wp\/v2\/posts"}],"about":[{"href":"https:\/\/agora.xtec.cat\/esc-teresabergada\/wp-json\/wp\/v2\/types\/post"}],"author":[{"embeddable":true,"href":"https:\/\/agora.xtec.cat\/esc-teresabergada\/wp-json\/wp\/v2\/users\/28"}],"replies":[{"embeddable":true,"href":"https:\/\/agora.xtec.cat\/esc-teresabergada\/wp-json\/wp\/v2\/comments?post=12556"}],"version-history":[{"count":3,"href":"https:\/\/agora.xtec.cat\/esc-teresabergada\/wp-json\/wp\/v2\/posts\/12556\/revisions"}],"predecessor-version":[{"id":12563,"href":"https:\/\/agora.xtec.cat\/esc-teresabergada\/wp-json\/wp\/v2\/posts\/12556\/revisions\/12563"}],"wp:featuredmedia":[{"embeddable":true,"href":"https:\/\/agora.xtec.cat\/esc-teresabergada\/wp-json\/wp\/v2\/media\/12558"}],"wp:attachment":[{"href":"https:\/\/agora.xtec.cat\/esc-teresabergada\/wp-json\/wp\/v2\/media?parent=12556"}],"wp:term":[{"taxonomy":"category","embeddable":true,"href":"https:\/\/agora.xtec.cat\/esc-teresabergada\/wp-json\/wp\/v2\/categories?post=12556"},{"taxonomy":"post_tag","embeddable":true,"href":"https:\/\/agora.xtec.cat\/esc-teresabergada\/wp-json\/wp\/v2\/tags?post=12556"}],"curies":[{"name":"wp","href":"https:\/\/api.w.org\/{rel}","templated":true}]}}