{"id":12551,"date":"2025-05-22T17:21:15","date_gmt":"2025-05-22T15:21:15","guid":{"rendered":"https:\/\/agora.xtec.cat\/esc-teresabergada\/?p=12551"},"modified":"2025-05-22T17:24:17","modified_gmt":"2025-05-22T15:24:17","slug":"de-colonies-a-la-manreana","status":"publish","type":"post","link":"https:\/\/agora.xtec.cat\/esc-teresabergada\/general\/de-colonies-a-la-manreana\/","title":{"rendered":"DE COL\u00d2NIES A LA MANREANA!"},"content":{"rendered":"<p data-start=\"142\" data-end=\"477\">Les col\u00f2nies s\u00f3n un dels moments m\u00e9s esperats del curs. Uns dies plens d\u2019emocions, conviv\u00e8ncia i descobertes que ens permeten sortir de l\u2019entorn habitual per viure noves experi\u00e8ncies junts.\u00a0Enguany, hem compartit una aventura fant\u00e0stica a <strong data-start=\"528\" data-end=\"543\">La Manreana<\/strong>, una granja escola situada a Juneda, envoltada de natura i plena d\u2019activitats enriquidores. Han estat uns dies intensos, de descoberta, aprenentatge i sobretot, de molts somriures.<\/p>\n<p>Des del primer moment, els infants van mostrar una gran emoci\u00f3 davant la descoberta del nou entorn. El contacte directe amb la natura, els animals i les activitats proposades van fer que cada instant fos una oportunitat d\u2019aprenentatge vivencial i emocionant.<\/p>\n<p>Els tallers van estar molt ben acollits per part de tots els infants. Aquest any vam fer quatre activitats principals: <strong>el taller del pa<\/strong>, <strong>la visita a la granja, el taller de llet i la visita a l&#8217;hort<\/strong>. Al taller de llet i pa, els nens i nenes van poder experimentar tot el proc\u00e9s de fer pa, iogurt i flams. Una viv\u00e8ncia que els va connectar amb l\u2019aliment que sovint tenen a taula, per\u00f2 que poques vegades poden elaborar.<\/p>\n<p>A la granja i l&#8217;hort, van gaudir descobrint els animals: van donar menjar a les cabres, van observar com viuen els conills i fins i tot van pentinar un poni. A m\u00e9s, van arrencar cebes i es van poder endur a casa un petit planter amb espinacs.<\/p>\n<p>Les estones de joc lliure a l\u2019aire lliure, van permetre als infants explorar, compartir i gaudir en un entorn segur i natural. L\u2019equip de mestres d\u2019Infantil estem molt satisfetes de la participaci\u00f3, l\u2019entusiasme i la capacitat d\u2019adaptaci\u00f3 dels nens i nenes durant aquests dos dies.<\/p>\n<p>En definitiva, han estat unes col\u00f2nies plenes de viv\u00e8ncies, descobertes i emocions que reforcen els vincles entre companys i mestres i que de segur quedaran gravades a la seva mem\u00f2ria.<\/p>\n<p style=\"text-align: right\"><strong>Una gran experi\u00e8ncia que ja estem desitjant repetir!<\/strong><\/p>\n<p><a href=\"https:\/\/agora.xtec.cat\/esc-teresabergada\/wp-content\/uploads\/usu1533\/2025\/05\/IMG_0078.heic\"><img decoding=\"async\" class=\"alignnone size-full wp-image-12552\" src=\"https:\/\/agora.xtec.cat\/esc-teresabergada\/wp-content\/uploads\/usu1533\/2025\/05\/IMG_0078.heic\" alt=\"\" \/><\/a><a href=\"https:\/\/agora.xtec.cat\/esc-teresabergada\/wp-content\/uploads\/usu1533\/2025\/05\/IMG_0078-1-1-1-1.jpg\"><img loading=\"lazy\" decoding=\"async\" class=\"alignnone size-large wp-image-12554\" src=\"https:\/\/agora.xtec.cat\/esc-teresabergada\/wp-content\/uploads\/usu1533\/2025\/05\/IMG_0078-1-1-1-1-768x1024.jpg\" alt=\"\" width=\"768\" height=\"1024\" srcset=\"https:\/\/agora.xtec.cat\/esc-teresabergada\/wp-content\/uploads\/usu1533\/2025\/05\/IMG_0078-1-1-1-1-768x1024.jpg 768w, https:\/\/agora.xtec.cat\/esc-teresabergada\/wp-content\/uploads\/usu1533\/2025\/05\/IMG_0078-1-1-1-1-225x300.jpg 225w, https:\/\/agora.xtec.cat\/esc-teresabergada\/wp-content\/uploads\/usu1533\/2025\/05\/IMG_0078-1-1-1-1.jpg 1024w\" sizes=\"auto, (max-width: 768px) 100vw, 768px\" \/><\/a><\/p>\n","protected":false},"excerpt":{"rendered":"<p>Les col\u00f2nies s\u00f3n un dels moments m\u00e9s esperats del curs. Uns dies plens d\u2019emocions, conviv\u00e8ncia i descobertes que ens permeten sortir de l\u2019entorn habitual per viure noves experi\u00e8ncies junts.\u00a0Enguany, hem compartit una aventura fant\u00e0stica a La Manreana, una granja escola situada a Juneda, envoltada de&hellip;  <a href=\"https:\/\/agora.xtec.cat\/esc-teresabergada\/general\/de-colonies-a-la-manreana\/\" title=\"Read DE COL\u00d2NIES A LA MANREANA!\">Llegeix m\u00e9s\u00bb<\/a><\/p>\n","protected":false},"author":78,"featured_media":0,"comment_status":"open","ping_status":"closed","sticky":false,"template":"","format":"standard","meta":{"_bbp_topic_count":0,"_bbp_reply_count":0,"_bbp_total_topic_count":0,"_bbp_total_reply_count":0,"_bbp_voice_count":0,"_bbp_anonymous_reply_count":0,"_bbp_topic_count_hidden":0,"_bbp_reply_count_hidden":0,"_bbp_forum_subforum_count":0,"footnotes":""},"categories":[1,515,236,251,2],"tags":[],"class_list":["post-12551","post","type-post","status-publish","format-standard","hentry","category-general","category-i3","category-i4","category-i5","category-infantil"],"post_mailing_queue_ids":[],"_links":{"self":[{"href":"https:\/\/agora.xtec.cat\/esc-teresabergada\/wp-json\/wp\/v2\/posts\/12551","targetHints":{"allow":["GET"]}}],"collection":[{"href":"https:\/\/agora.xtec.cat\/esc-teresabergada\/wp-json\/wp\/v2\/posts"}],"about":[{"href":"https:\/\/agora.xtec.cat\/esc-teresabergada\/wp-json\/wp\/v2\/types\/post"}],"author":[{"embeddable":true,"href":"https:\/\/agora.xtec.cat\/esc-teresabergada\/wp-json\/wp\/v2\/users\/78"}],"replies":[{"embeddable":true,"href":"https:\/\/agora.xtec.cat\/esc-teresabergada\/wp-json\/wp\/v2\/comments?post=12551"}],"version-history":[{"count":2,"href":"https:\/\/agora.xtec.cat\/esc-teresabergada\/wp-json\/wp\/v2\/posts\/12551\/revisions"}],"predecessor-version":[{"id":12555,"href":"https:\/\/agora.xtec.cat\/esc-teresabergada\/wp-json\/wp\/v2\/posts\/12551\/revisions\/12555"}],"wp:attachment":[{"href":"https:\/\/agora.xtec.cat\/esc-teresabergada\/wp-json\/wp\/v2\/media?parent=12551"}],"wp:term":[{"taxonomy":"category","embeddable":true,"href":"https:\/\/agora.xtec.cat\/esc-teresabergada\/wp-json\/wp\/v2\/categories?post=12551"},{"taxonomy":"post_tag","embeddable":true,"href":"https:\/\/agora.xtec.cat\/esc-teresabergada\/wp-json\/wp\/v2\/tags?post=12551"}],"curies":[{"name":"wp","href":"https:\/\/api.w.org\/{rel}","templated":true}]}}