{"id":12542,"date":"2025-05-20T10:31:44","date_gmt":"2025-05-20T08:31:44","guid":{"rendered":"https:\/\/agora.xtec.cat\/esc-teresabergada\/?p=12542"},"modified":"2025-05-20T10:43:18","modified_gmt":"2025-05-20T08:43:18","slug":"la-maleta-de-les-emocions","status":"publish","type":"post","link":"https:\/\/agora.xtec.cat\/esc-teresabergada\/infantil\/la-maleta-de-les-emocions\/","title":{"rendered":"La maleta de les emocions"},"content":{"rendered":"<p>A l\u2019escola, sabem que aprendre a recon\u00e8ixer i expressar les emocions \u00e9s molt important. Per aix\u00f2, ja fa anys que a Educaci\u00f3 Infantil vam posar en marxa una iniciativa molt especial:\u00a0<strong>la Maleta de les Emocions<\/strong>.<\/p>\n<p>Cada setmana, la maleta viatja a casa d\u2019una fam\u00edlia diferent de la classe. Dins la maleta, hi ha contes per parlar, compartir i explorar les emocions en fam\u00edlia. L\u2019objectiu \u00e9s que, durant uns dies es pugui dedicar un temps tranquil a con\u00e8ixer millor com se senten, a posar nom a les emocions i a trobar maneres positives de gestionar-les.<\/p>\n<p>Quan la maleta torna a l\u2019escola, cada infant comparteix amb la resta de la classe alguna de les viv\u00e8ncies o descobertes que ha fet amb la seva fam\u00edlia. D\u2019aquesta manera, entre tots, anem construint un espai de confian\u00e7a on les emocions s\u00f3n benvingudes i esdevenen una part natural de la nostra conviv\u00e8ncia.<\/p>\n<p>La Maleta de les Emocions ens ajuda a entendre que sentir por, alegria, tristesa o r\u00e0bia \u00e9s normal, i que totes les emocions ens aporten informaci\u00f3 valuosa sobre nosaltres mateixos i el nostre entorn. Aprendre a escoltar-nos i a escoltar els altres ens fa m\u00e9s emp\u00e0tics, m\u00e9s respectuosos i m\u00e9s capa\u00e7os de resoldre els conflictes de manera positiva.<\/p>\n<p>Agra\u00efm molt la col\u00b7laboraci\u00f3 de totes les fam\u00edlies, que amb la seva implicaci\u00f3 fan possible aquest projecte. Estem segurs que la Maleta de les Emocions continuar\u00e0 viatjant, setmana rere setmana, omplint de paraules, abra\u00e7ades i somriures cada casa i cada cor.<\/p>\n","protected":false},"excerpt":{"rendered":"<p>A l\u2019escola, sabem que aprendre a recon\u00e8ixer i expressar les emocions \u00e9s molt important. Per aix\u00f2, ja fa anys que a Educaci\u00f3 Infantil vam posar en marxa una iniciativa molt especial:\u00a0la Maleta de les Emocions.<br \/>\nCada setmana, la maleta viatja a casa d\u2019una fam\u00edlia diferent de&hellip;  <a href=\"https:\/\/agora.xtec.cat\/esc-teresabergada\/infantil\/la-maleta-de-les-emocions\/\" title=\"Read La maleta de les emocions\">Llegeix m\u00e9s\u00bb<\/a><\/p>\n","protected":false},"author":1,"featured_media":12546,"comment_status":"open","ping_status":"closed","sticky":false,"template":"","format":"standard","meta":{"_bbp_topic_count":0,"_bbp_reply_count":0,"_bbp_total_topic_count":0,"_bbp_total_reply_count":0,"_bbp_voice_count":0,"_bbp_anonymous_reply_count":0,"_bbp_topic_count_hidden":0,"_bbp_reply_count_hidden":0,"_bbp_forum_subforum_count":0,"footnotes":""},"categories":[515,236,251,2],"tags":[674],"class_list":["post-12542","post","type-post","status-publish","format-standard","has-post-thumbnail","hentry","category-i3","category-i4","category-i5","category-infantil","tag-emocions"],"post_mailing_queue_ids":[],"_links":{"self":[{"href":"https:\/\/agora.xtec.cat\/esc-teresabergada\/wp-json\/wp\/v2\/posts\/12542","targetHints":{"allow":["GET"]}}],"collection":[{"href":"https:\/\/agora.xtec.cat\/esc-teresabergada\/wp-json\/wp\/v2\/posts"}],"about":[{"href":"https:\/\/agora.xtec.cat\/esc-teresabergada\/wp-json\/wp\/v2\/types\/post"}],"author":[{"embeddable":true,"href":"https:\/\/agora.xtec.cat\/esc-teresabergada\/wp-json\/wp\/v2\/users\/1"}],"replies":[{"embeddable":true,"href":"https:\/\/agora.xtec.cat\/esc-teresabergada\/wp-json\/wp\/v2\/comments?post=12542"}],"version-history":[{"count":3,"href":"https:\/\/agora.xtec.cat\/esc-teresabergada\/wp-json\/wp\/v2\/posts\/12542\/revisions"}],"predecessor-version":[{"id":12547,"href":"https:\/\/agora.xtec.cat\/esc-teresabergada\/wp-json\/wp\/v2\/posts\/12542\/revisions\/12547"}],"wp:featuredmedia":[{"embeddable":true,"href":"https:\/\/agora.xtec.cat\/esc-teresabergada\/wp-json\/wp\/v2\/media\/12546"}],"wp:attachment":[{"href":"https:\/\/agora.xtec.cat\/esc-teresabergada\/wp-json\/wp\/v2\/media?parent=12542"}],"wp:term":[{"taxonomy":"category","embeddable":true,"href":"https:\/\/agora.xtec.cat\/esc-teresabergada\/wp-json\/wp\/v2\/categories?post=12542"},{"taxonomy":"post_tag","embeddable":true,"href":"https:\/\/agora.xtec.cat\/esc-teresabergada\/wp-json\/wp\/v2\/tags?post=12542"}],"curies":[{"name":"wp","href":"https:\/\/api.w.org\/{rel}","templated":true}]}}