{"id":12517,"date":"2025-04-23T16:15:33","date_gmt":"2025-04-23T14:15:33","guid":{"rendered":"https:\/\/agora.xtec.cat\/esc-teresabergada\/?p=12517"},"modified":"2025-04-23T16:15:33","modified_gmt":"2025-04-23T14:15:33","slug":"sant-jordi-2025","status":"publish","type":"post","link":"https:\/\/agora.xtec.cat\/esc-teresabergada\/general\/sant-jordi-2025\/","title":{"rendered":"SANT JORDI 2025"},"content":{"rendered":"<p class=\"\" style=\"text-align: justify;\" data-start=\"0\" data-end=\"523\">Aquest <strong>Sant Jordi<\/strong>, l\u2019escola s\u2019ha omplert d\u2019hist\u00f2ries, creativitat i il\u00b7lusi\u00f3 per compartir amb els infants una de les festes m\u00e9s boniques i emblem\u00e0tiques de la nostra <strong>cultura<\/strong>. A educaci\u00f3 infantil, hem volgut apropar la <strong>llegenda\u00a0<\/strong> d\u2019una manera molt especial, transformant el pati en un espai de contacontes on els m\u00e9s petits han pogut descobrir com una mateixa hist\u00f2ria pot ser explicada de moltes maneres. A la tarda, han elaborat titelles per representar la llegenda, fomentant la imaginaci\u00f3 i el joc simb\u00f2lic.<\/p>\n<p class=\"\" style=\"text-align: justify;\" data-start=\"525\" data-end=\"1281\">A prim\u00e0ria, cada cicle ha viscut la diada amb activitats pensades per despertar l&#8217;estima per la <strong>lectura<\/strong>, la llengua i les <strong>tradicions<\/strong>. A cicle inicial, han gaudit d\u2019un mat\u00ed de tallers creant cal\u00b7ligrames, roses i dracs. A cicle mitj\u00e0, han fet un divertit passaparaula i una manualitat molt especial: una <strong>rosa<\/strong> dins d\u2019un pot. I a cicle superior, han preparat una rosa virtual per enviar a alg\u00fa que estimen, a m\u00e9s d&#8217;una activitat manual en angl\u00e8s. A m\u00e9s, tots els alumnes de prim\u00e0ria han participat en un intercanvi de <strong>llibres<\/strong>, una proposta per cultivar el plaer de llegir.<\/p>\n<p style=\"text-align: justify;\"><img loading=\"lazy\" decoding=\"async\" class=\"aligncenter wp-image-12520 size-large\" src=\"https:\/\/agora.xtec.cat\/esc-teresabergada\/wp-content\/uploads\/usu1533\/2025\/04\/b8b6cc0b-ac95-482c-a95f-257697f2b8dc-768x1024.jpg\" alt=\"\" width=\"768\" height=\"1024\" srcset=\"https:\/\/agora.xtec.cat\/esc-teresabergada\/wp-content\/uploads\/usu1533\/2025\/04\/b8b6cc0b-ac95-482c-a95f-257697f2b8dc-768x1024.jpg 768w, https:\/\/agora.xtec.cat\/esc-teresabergada\/wp-content\/uploads\/usu1533\/2025\/04\/b8b6cc0b-ac95-482c-a95f-257697f2b8dc-225x300.jpg 225w, https:\/\/agora.xtec.cat\/esc-teresabergada\/wp-content\/uploads\/usu1533\/2025\/04\/b8b6cc0b-ac95-482c-a95f-257697f2b8dc-1152x1536.jpg 1152w, https:\/\/agora.xtec.cat\/esc-teresabergada\/wp-content\/uploads\/usu1533\/2025\/04\/b8b6cc0b-ac95-482c-a95f-257697f2b8dc.jpg 1200w\" sizes=\"auto, (max-width: 768px) 100vw, 768px\" \/><\/p>\n","protected":false},"excerpt":{"rendered":"<p>Aquest Sant Jordi, l\u2019escola s\u2019ha omplert d\u2019hist\u00f2ries, creativitat i il\u00b7lusi\u00f3 per compartir amb els infants una de les festes m\u00e9s boniques i emblem\u00e0tiques de la nostra cultura. A educaci\u00f3 infantil, hem volgut apropar la llegenda\u00a0 d\u2019una manera molt especial, transformant el pati en un espai&hellip;  <a href=\"https:\/\/agora.xtec.cat\/esc-teresabergada\/general\/sant-jordi-2025\/\" title=\"Read SANT JORDI 2025\">Llegeix m\u00e9s\u00bb<\/a><\/p>\n","protected":false},"author":1,"featured_media":12520,"comment_status":"open","ping_status":"closed","sticky":false,"template":"","format":"standard","meta":{"_bbp_topic_count":0,"_bbp_reply_count":0,"_bbp_total_topic_count":0,"_bbp_total_reply_count":0,"_bbp_voice_count":0,"_bbp_anonymous_reply_count":0,"_bbp_topic_count_hidden":0,"_bbp_reply_count_hidden":0,"_bbp_forum_subforum_count":0,"footnotes":""},"categories":[1,4],"tags":[],"class_list":["post-12517","post","type-post","status-publish","format-standard","has-post-thumbnail","hentry","category-general","category-portada"],"post_mailing_queue_ids":[],"_links":{"self":[{"href":"https:\/\/agora.xtec.cat\/esc-teresabergada\/wp-json\/wp\/v2\/posts\/12517","targetHints":{"allow":["GET"]}}],"collection":[{"href":"https:\/\/agora.xtec.cat\/esc-teresabergada\/wp-json\/wp\/v2\/posts"}],"about":[{"href":"https:\/\/agora.xtec.cat\/esc-teresabergada\/wp-json\/wp\/v2\/types\/post"}],"author":[{"embeddable":true,"href":"https:\/\/agora.xtec.cat\/esc-teresabergada\/wp-json\/wp\/v2\/users\/1"}],"replies":[{"embeddable":true,"href":"https:\/\/agora.xtec.cat\/esc-teresabergada\/wp-json\/wp\/v2\/comments?post=12517"}],"version-history":[{"count":2,"href":"https:\/\/agora.xtec.cat\/esc-teresabergada\/wp-json\/wp\/v2\/posts\/12517\/revisions"}],"predecessor-version":[{"id":12521,"href":"https:\/\/agora.xtec.cat\/esc-teresabergada\/wp-json\/wp\/v2\/posts\/12517\/revisions\/12521"}],"wp:featuredmedia":[{"embeddable":true,"href":"https:\/\/agora.xtec.cat\/esc-teresabergada\/wp-json\/wp\/v2\/media\/12520"}],"wp:attachment":[{"href":"https:\/\/agora.xtec.cat\/esc-teresabergada\/wp-json\/wp\/v2\/media?parent=12517"}],"wp:term":[{"taxonomy":"category","embeddable":true,"href":"https:\/\/agora.xtec.cat\/esc-teresabergada\/wp-json\/wp\/v2\/categories?post=12517"},{"taxonomy":"post_tag","embeddable":true,"href":"https:\/\/agora.xtec.cat\/esc-teresabergada\/wp-json\/wp\/v2\/tags?post=12517"}],"curies":[{"name":"wp","href":"https:\/\/api.w.org\/{rel}","templated":true}]}}