{"id":12510,"date":"2025-04-29T12:55:01","date_gmt":"2025-04-29T10:55:01","guid":{"rendered":"https:\/\/agora.xtec.cat\/esc-teresabergada\/?p=12510"},"modified":"2025-04-29T12:56:11","modified_gmt":"2025-04-29T10:56:11","slug":"poesia-visual-creacio-i-diversio","status":"publish","type":"post","link":"https:\/\/agora.xtec.cat\/esc-teresabergada\/blocs-de-primaria\/6e\/poesia-visual-creacio-i-diversio\/","title":{"rendered":"POESIA VISUAL: CREACI\u00d3 I DIVERSI\u00d3."},"content":{"rendered":"<p><img loading=\"lazy\" decoding=\"async\" class=\"aligncenter wp-image-12532\" src=\"https:\/\/agora.xtec.cat\/esc-teresabergada\/wp-content\/uploads\/usu1533\/2025\/04\/Texto-212x300.jpg\" alt=\"\" width=\"310\" height=\"439\" srcset=\"https:\/\/agora.xtec.cat\/esc-teresabergada\/wp-content\/uploads\/usu1533\/2025\/04\/Texto-212x300.jpg 212w, https:\/\/agora.xtec.cat\/esc-teresabergada\/wp-content\/uploads\/usu1533\/2025\/04\/Texto-724x1024.jpg 724w, https:\/\/agora.xtec.cat\/esc-teresabergada\/wp-content\/uploads\/usu1533\/2025\/04\/Texto-768x1086.jpg 768w, https:\/\/agora.xtec.cat\/esc-teresabergada\/wp-content\/uploads\/usu1533\/2025\/04\/Texto-1086x1536.jpg 1086w, https:\/\/agora.xtec.cat\/esc-teresabergada\/wp-content\/uploads\/usu1533\/2025\/04\/Texto-1448x2048.jpg 1448w, https:\/\/agora.xtec.cat\/esc-teresabergada\/wp-content\/uploads\/usu1533\/2025\/04\/Texto.jpg 1587w\" sizes=\"auto, (max-width: 310px) 100vw, 310px\" \/><\/p>\n<p style=\"text-align: justify\">Aquest segon trimestre, les noies i nois de cicle superior de la nostra escola han estat treballant el fascinant m\u00f3n de la poesia visual, una tipologia textual que combina paraules, imatges i formes per expressar idees de manera \u00fanica i original. El resultat d&#8217;aquestes obres visuals pot ser tan impactant o m\u00e9s que un quadre o una escultura.<\/p>\n<p style=\"text-align: justify\">Durant el treball a l\u2019aula, l\u2019alumnat ha pogut con\u00e8ixer i experimentar amb diferents tipus de poesia visual, com ara: els cal\u00b7ligrames, el collage po\u00e8tic, la foto poesia, entre d&#8217;altres. S\u2019han engrescat molt amb aquesta activitat, deixant volar la seva imaginaci\u00f3 per a crear produccions \u00faniques, carregades de sentit i amb uns tocs molt personals. Experi\u00e8ncies enriquidores, divertides i molt estimulants que els hi permeten explorar noves formes de comunicaci\u00f3 i expressi\u00f3 personal.<\/p>\n<p style=\"text-align: justify\">Tota aquesta tasca queda enregistrada a la llibreta personal de cada alumne, un espai on es recullen les diferents tipologies textuals treballades al llarg del cicle.<\/p>\n","protected":false},"excerpt":{"rendered":"<p>Aquest segon trimestre, les noies i nois de cicle superior de la nostra escola han estat treballant el fascinant m\u00f3n de la poesia visual, una tipologia textual que combina paraules, imatges i formes per expressar idees de manera \u00fanica i original. El resultat d&#8217;aquestes obres&hellip;  <a href=\"https:\/\/agora.xtec.cat\/esc-teresabergada\/blocs-de-primaria\/6e\/poesia-visual-creacio-i-diversio\/\" title=\"Read POESIA VISUAL: CREACI\u00d3 I DIVERSI\u00d3.\">Llegeix m\u00e9s\u00bb<\/a><\/p>\n","protected":false},"author":32,"featured_media":12532,"comment_status":"open","ping_status":"closed","sticky":false,"template":"","format":"standard","meta":{"_bbp_topic_count":0,"_bbp_reply_count":0,"_bbp_total_topic_count":0,"_bbp_total_reply_count":0,"_bbp_voice_count":0,"_bbp_anonymous_reply_count":0,"_bbp_topic_count_hidden":0,"_bbp_reply_count_hidden":0,"_bbp_forum_subforum_count":0,"footnotes":""},"categories":[349,240],"tags":[117,254],"class_list":["post-12510","post","type-post","status-publish","format-standard","has-post-thumbnail","hentry","category-5e","category-6e","tag-cicle-superior","tag-tipologies-textuals"],"post_mailing_queue_ids":[],"_links":{"self":[{"href":"https:\/\/agora.xtec.cat\/esc-teresabergada\/wp-json\/wp\/v2\/posts\/12510","targetHints":{"allow":["GET"]}}],"collection":[{"href":"https:\/\/agora.xtec.cat\/esc-teresabergada\/wp-json\/wp\/v2\/posts"}],"about":[{"href":"https:\/\/agora.xtec.cat\/esc-teresabergada\/wp-json\/wp\/v2\/types\/post"}],"author":[{"embeddable":true,"href":"https:\/\/agora.xtec.cat\/esc-teresabergada\/wp-json\/wp\/v2\/users\/32"}],"replies":[{"embeddable":true,"href":"https:\/\/agora.xtec.cat\/esc-teresabergada\/wp-json\/wp\/v2\/comments?post=12510"}],"version-history":[{"count":6,"href":"https:\/\/agora.xtec.cat\/esc-teresabergada\/wp-json\/wp\/v2\/posts\/12510\/revisions"}],"predecessor-version":[{"id":12535,"href":"https:\/\/agora.xtec.cat\/esc-teresabergada\/wp-json\/wp\/v2\/posts\/12510\/revisions\/12535"}],"wp:featuredmedia":[{"embeddable":true,"href":"https:\/\/agora.xtec.cat\/esc-teresabergada\/wp-json\/wp\/v2\/media\/12532"}],"wp:attachment":[{"href":"https:\/\/agora.xtec.cat\/esc-teresabergada\/wp-json\/wp\/v2\/media?parent=12510"}],"wp:term":[{"taxonomy":"category","embeddable":true,"href":"https:\/\/agora.xtec.cat\/esc-teresabergada\/wp-json\/wp\/v2\/categories?post=12510"},{"taxonomy":"post_tag","embeddable":true,"href":"https:\/\/agora.xtec.cat\/esc-teresabergada\/wp-json\/wp\/v2\/tags?post=12510"}],"curies":[{"name":"wp","href":"https:\/\/api.w.org\/{rel}","templated":true}]}}