{"id":12506,"date":"2025-04-11T17:53:56","date_gmt":"2025-04-11T15:53:56","guid":{"rendered":"https:\/\/agora.xtec.cat\/esc-teresabergada\/?p=12506"},"modified":"2025-04-11T17:57:19","modified_gmt":"2025-04-11T15:57:19","slug":"setmana-cultural-2025","status":"publish","type":"post","link":"https:\/\/agora.xtec.cat\/esc-teresabergada\/portada\/setmana-cultural-2025\/","title":{"rendered":"SETMANA CULTURAL 2025"},"content":{"rendered":"<p class=\"\" style=\"text-align: justify;\" data-start=\"0\" data-end=\"539\">La Setmana Cultural \u00e9s una oportunitat \u00fanica per aprendre d\u2019una manera vivencial, l\u00fadica i col\u00b7laborativa. Al llarg d\u2019aquests dies, l\u2019alumnat ha participat en activitats molt diverses com la visita dels Mossos d\u2019Esquadra per treballar la mobilitat segura, una cursa d\u2019orientaci\u00f3, bitlles, un circuit amb bicicleta o la visita a la biblioteca municipal. Tamb\u00e9 hem gaudit de moments per fomentar la lectura amb una animaci\u00f3 lectora, i hem potenciat la creativitat amb la decoraci\u00f3 de primavera i un gran mural col\u00b7lectiu al pati de l\u2019escola.<\/p>\n<p class=\"\" style=\"text-align: justify;\" data-start=\"541\" data-end=\"961\">A m\u00e9s, hem celebrat tradicions com preparar la mona i buscar ous de Pasqua, compartint moments de conviv\u00e8ncia i il\u00b7lusi\u00f3. L\u2019exhibici\u00f3 d\u2019extraescolars ha estat una manera fant\u00e0stica de mostrar els talents i esfor\u00e7os dels infants en diferents \u00e0mbits. Per tancar la setmana, hem gaudit d\u2019una tarda de jocs al pati amb la participaci\u00f3 de tots els alumnes, des d\u2019I3 fins a 6\u00e8. Tot plegat, una setmana per cr\u00e9ixer com a comunitat educativa, refor\u00e7ar valors i gaudir de l\u2019aprenentatge fora de l\u2019aula.<\/p>\n<p class=\"\" style=\"text-align: justify;\" data-start=\"541\" data-end=\"961\">Gr\u00e0cies a totes i tots per fer-ho possible!<\/p>\n<p data-start=\"541\" data-end=\"961\"><img loading=\"lazy\" decoding=\"async\" class=\"wp-image-12507 aligncenter\" src=\"https:\/\/agora.xtec.cat\/esc-teresabergada\/wp-content\/uploads\/usu1533\/2025\/04\/WhatsApp-Image-2025-04-11-at-16.57.43-300x169.jpeg\" alt=\"\" width=\"600\" height=\"338\" srcset=\"https:\/\/agora.xtec.cat\/esc-teresabergada\/wp-content\/uploads\/usu1533\/2025\/04\/WhatsApp-Image-2025-04-11-at-16.57.43-300x169.jpeg 300w, https:\/\/agora.xtec.cat\/esc-teresabergada\/wp-content\/uploads\/usu1533\/2025\/04\/WhatsApp-Image-2025-04-11-at-16.57.43-1024x576.jpeg 1024w, https:\/\/agora.xtec.cat\/esc-teresabergada\/wp-content\/uploads\/usu1533\/2025\/04\/WhatsApp-Image-2025-04-11-at-16.57.43-768x432.jpeg 768w, https:\/\/agora.xtec.cat\/esc-teresabergada\/wp-content\/uploads\/usu1533\/2025\/04\/WhatsApp-Image-2025-04-11-at-16.57.43-1536x864.jpeg 1536w, https:\/\/agora.xtec.cat\/esc-teresabergada\/wp-content\/uploads\/usu1533\/2025\/04\/WhatsApp-Image-2025-04-11-at-16.57.43.jpeg 1600w\" sizes=\"auto, (max-width: 600px) 100vw, 600px\" \/><\/p>\n","protected":false},"excerpt":{"rendered":"<p>La Setmana Cultural \u00e9s una oportunitat \u00fanica per aprendre d\u2019una manera vivencial, l\u00fadica i col\u00b7laborativa. Al llarg d\u2019aquests dies, l\u2019alumnat ha participat en activitats molt diverses com la visita dels Mossos d\u2019Esquadra per treballar la mobilitat segura, una cursa d\u2019orientaci\u00f3, bitlles, un circuit amb bicicleta&hellip;  <a href=\"https:\/\/agora.xtec.cat\/esc-teresabergada\/portada\/setmana-cultural-2025\/\" title=\"Read SETMANA CULTURAL 2025\">Llegeix m\u00e9s\u00bb<\/a><\/p>\n","protected":false},"author":1,"featured_media":12507,"comment_status":"open","ping_status":"closed","sticky":false,"template":"","format":"standard","meta":{"_bbp_topic_count":0,"_bbp_reply_count":0,"_bbp_total_topic_count":0,"_bbp_total_reply_count":0,"_bbp_voice_count":0,"_bbp_anonymous_reply_count":0,"_bbp_topic_count_hidden":0,"_bbp_reply_count_hidden":0,"_bbp_forum_subforum_count":0,"footnotes":""},"categories":[4],"tags":[],"class_list":["post-12506","post","type-post","status-publish","format-standard","has-post-thumbnail","hentry","category-portada"],"post_mailing_queue_ids":[],"_links":{"self":[{"href":"https:\/\/agora.xtec.cat\/esc-teresabergada\/wp-json\/wp\/v2\/posts\/12506","targetHints":{"allow":["GET"]}}],"collection":[{"href":"https:\/\/agora.xtec.cat\/esc-teresabergada\/wp-json\/wp\/v2\/posts"}],"about":[{"href":"https:\/\/agora.xtec.cat\/esc-teresabergada\/wp-json\/wp\/v2\/types\/post"}],"author":[{"embeddable":true,"href":"https:\/\/agora.xtec.cat\/esc-teresabergada\/wp-json\/wp\/v2\/users\/1"}],"replies":[{"embeddable":true,"href":"https:\/\/agora.xtec.cat\/esc-teresabergada\/wp-json\/wp\/v2\/comments?post=12506"}],"version-history":[{"count":2,"href":"https:\/\/agora.xtec.cat\/esc-teresabergada\/wp-json\/wp\/v2\/posts\/12506\/revisions"}],"predecessor-version":[{"id":12509,"href":"https:\/\/agora.xtec.cat\/esc-teresabergada\/wp-json\/wp\/v2\/posts\/12506\/revisions\/12509"}],"wp:featuredmedia":[{"embeddable":true,"href":"https:\/\/agora.xtec.cat\/esc-teresabergada\/wp-json\/wp\/v2\/media\/12507"}],"wp:attachment":[{"href":"https:\/\/agora.xtec.cat\/esc-teresabergada\/wp-json\/wp\/v2\/media?parent=12506"}],"wp:term":[{"taxonomy":"category","embeddable":true,"href":"https:\/\/agora.xtec.cat\/esc-teresabergada\/wp-json\/wp\/v2\/categories?post=12506"},{"taxonomy":"post_tag","embeddable":true,"href":"https:\/\/agora.xtec.cat\/esc-teresabergada\/wp-json\/wp\/v2\/tags?post=12506"}],"curies":[{"name":"wp","href":"https:\/\/api.w.org\/{rel}","templated":true}]}}