{"id":12498,"date":"2025-04-04T08:39:03","date_gmt":"2025-04-04T06:39:03","guid":{"rendered":"https:\/\/agora.xtec.cat\/esc-teresabergada\/?p=12498"},"modified":"2025-04-04T08:39:03","modified_gmt":"2025-04-04T06:39:03","slug":"una-jornada-inoblidable-entre-modernisme-i-historia-a-reus","status":"publish","type":"post","link":"https:\/\/agora.xtec.cat\/esc-teresabergada\/general\/una-jornada-inoblidable-entre-modernisme-i-historia-a-reus\/","title":{"rendered":"Una jornada inoblidable entre Modernisme i Hist\u00f2ria a Reus"},"content":{"rendered":"<p class=\"western\" align=\"justify\"><span style=\"font-family: Arial, serif\">Sortir de l\u2019aula per aprendre d\u2019una manera diferent sempre resulta enriquidor, i la visita que hem fet amb les nenes i nens de 5\u00e8 i 6\u00e8 de prim\u00e0ria a Reus ha estat una experi\u00e8ncia memorable. Aquest municipi, considerat la capital del Modernisme a Catalunya despr\u00e9s de Barcelona, ens ha ofert una ruta plena de descobriments arquitect\u00f2nics i hist\u00f2rics.<\/span><\/p>\n<p class=\"western\" align=\"justify\"><span style=\"font-family: Arial, serif\">Vam comen\u00e7ar la jornada a la Casa Gasull i la Casa Rull, ambd\u00f3s edificis dissenyats per Dom\u00e8nech i Montaner. La Casa Gasull, amb la seva impressionant combinaci\u00f3 de materials i la seva funcionalitat, mostra un vessant m\u00e9s sobri per\u00f2 igualment espectacular del Modernisme. Per la seva banda, la Casa Rull, declarada B\u00e9 Cultural d\u2019Inter\u00e8s Nacional, ens va permetre entendre com aquesta arquitectura va saber unir bellesa i innovaci\u00f3.<\/span><\/p>\n<p class=\"western\" align=\"justify\"><span style=\"font-family: Arial, serif\">La ruta va continuar amb la Casa Nav\u00e0s, una de les joies de Llu\u00eds Dom\u00e8nech i Montaner. En aquesta obra impressiona la vidriera, que encara conserva gran part dels seus elements originals. Els infants van quedar fascinats amb la riquesa de detalls i l\u2019eleg\u00e0ncia de les formes, una aut\u00e8ntica lli\u00e7\u00f3 sobre la import\u00e0ncia de la llum i l\u2019ornamentaci\u00f3 en el Modernisme.<\/span><\/p>\n<p class=\"western\" align=\"justify\"><span style=\"font-family: Arial, serif\">Un altre punt singular de la visita va ser el Dispensari Antitubercul\u00f3s de Joan Rubi\u00f3, un edifici que destaca pel seu car\u00e0cter funcional i la seva arquitectura trencadora. Aquest espai ens va ajudar a reflexionar sobre com el Modernisme tamb\u00e9 podia tenir una vessant social i sanit\u00e0ria, adaptant-se a les necessitats de l\u2019\u00e8poca.<\/span><\/p>\n<p align=\"justify\"><span style=\"font-family: Arial, serif\">A m\u00e9s, per fer la visita encara m\u00e9s din\u00e0mica, es va organitzar seguint una gimcana. Els grups havien d\u2019anar anotant curiositats sobre els edificis que ens explicaven els guies, la qual cosa va fomentar la seva atenci\u00f3 i inter\u00e8s. Aprendre jugant sempre \u00e9s un \u00e8xit!<\/span><\/p>\n<p class=\"western\" align=\"justify\"><span style=\"font-family: Arial, serif\">Per\u00f2 la sortida no es va limitar a l\u2019arquitectura. Una de les experi\u00e8ncies m\u00e9s impactants va ser l\u2019entrada al refugi antiaeri de la Patacada. Els infants van poder entendre, de manera vivencial, com la poblaci\u00f3 es protegia durant els bombardejos de la Guerra Civil. Baixar a aquells passadissos subterranis va ser un moment de silenci i reflexi\u00f3, una lli\u00e7\u00f3 d\u2019hist\u00f2ria que va fer que valor\u00e9ssim la pau en la qual vivim avui.<\/span><\/p>\n<p class=\"western\" align=\"justify\"><span style=\"font-family: Arial, serif\">Despr\u00e9s de tantes emocions i aprenentatges, vam dinar al Parc de Sant Jordi, un espai verd ple d\u2019encant on els infants van poder jugar i gaudir d\u2019una estona de descans. Aquest parc, envoltat de natura i amb racons preciosos, va ser el tancament perfecte per una jornada intensa.<\/span><\/p>\n<p class=\"western\" align=\"justify\"><span style=\"font-family: Arial, serif\">En definitiva, aquesta sortida a Reus ha estat una combinaci\u00f3 perfecta entre cultura, hist\u00f2ria i diversi\u00f3. Els nens i nenes no nom\u00e9s han descobert el Modernisme des d\u2019una perspectiva diferent, sin\u00f3 que tamb\u00e9 han pogut posar-se en la pell de qui va viure moments de guerra i incertesa. Experi\u00e8ncies com aquesta demostren que l\u2019aprenentatge va m\u00e9s enll\u00e0 dels llibres i les aules: es troba en cada rac\u00f3 de la nostra hist\u00f2ria i patrimoni.<\/span><\/p>\n<p align=\"justify\"><a href=\"https:\/\/agora.xtec.cat\/esc-teresabergada\/wp-content\/uploads\/usu1533\/2025\/04\/1743710771240-1-scaled-e1743748707728.jpg\"><img loading=\"lazy\" decoding=\"async\" class=\"wp-image-12500 aligncenter\" src=\"https:\/\/agora.xtec.cat\/esc-teresabergada\/wp-content\/uploads\/usu1533\/2025\/04\/1743710771240-1-scaled-e1743748707728-768x1024.jpg\" alt=\"\" width=\"600\" height=\"800\" srcset=\"https:\/\/agora.xtec.cat\/esc-teresabergada\/wp-content\/uploads\/usu1533\/2025\/04\/1743710771240-1-scaled-e1743748707728-768x1024.jpg 768w, https:\/\/agora.xtec.cat\/esc-teresabergada\/wp-content\/uploads\/usu1533\/2025\/04\/1743710771240-1-scaled-e1743748707728-225x300.jpg 225w, https:\/\/agora.xtec.cat\/esc-teresabergada\/wp-content\/uploads\/usu1533\/2025\/04\/1743710771240-1-scaled-e1743748707728-1152x1536.jpg 1152w, https:\/\/agora.xtec.cat\/esc-teresabergada\/wp-content\/uploads\/usu1533\/2025\/04\/1743710771240-1-scaled-e1743748707728-1536x2048.jpg 1536w, https:\/\/agora.xtec.cat\/esc-teresabergada\/wp-content\/uploads\/usu1533\/2025\/04\/1743710771240-1-scaled-e1743748707728.jpg 1920w\" sizes=\"auto, (max-width: 600px) 100vw, 600px\" \/><\/a><\/p>\n<p class=\"western\" align=\"justify\"><span style=\"font-family: Arial, serif\">LES TUTORES DE CICLE SUPERIOR<\/span><\/p>\n","protected":false},"excerpt":{"rendered":"<p>Sortir de l\u2019aula per aprendre d\u2019una manera diferent sempre resulta enriquidor, i la visita que hem fet amb les nenes i nens de 5\u00e8 i 6\u00e8 de prim\u00e0ria a Reus ha estat una experi\u00e8ncia memorable. Aquest municipi, considerat la capital del Modernisme a Catalunya despr\u00e9s&hellip;  <a href=\"https:\/\/agora.xtec.cat\/esc-teresabergada\/general\/una-jornada-inoblidable-entre-modernisme-i-historia-a-reus\/\" title=\"Read Una jornada inoblidable entre Modernisme i Hist\u00f2ria a Reus\">Llegeix m\u00e9s\u00bb<\/a><\/p>\n","protected":false},"author":14,"featured_media":12500,"comment_status":"open","ping_status":"closed","sticky":false,"template":"","format":"standard","meta":{"_bbp_topic_count":0,"_bbp_reply_count":0,"_bbp_total_topic_count":0,"_bbp_total_reply_count":0,"_bbp_voice_count":0,"_bbp_anonymous_reply_count":0,"_bbp_topic_count_hidden":0,"_bbp_reply_count_hidden":0,"_bbp_forum_subforum_count":0,"footnotes":""},"categories":[349,240,1],"tags":[],"class_list":["post-12498","post","type-post","status-publish","format-standard","has-post-thumbnail","hentry","category-5e","category-6e","category-general"],"post_mailing_queue_ids":[],"_links":{"self":[{"href":"https:\/\/agora.xtec.cat\/esc-teresabergada\/wp-json\/wp\/v2\/posts\/12498","targetHints":{"allow":["GET"]}}],"collection":[{"href":"https:\/\/agora.xtec.cat\/esc-teresabergada\/wp-json\/wp\/v2\/posts"}],"about":[{"href":"https:\/\/agora.xtec.cat\/esc-teresabergada\/wp-json\/wp\/v2\/types\/post"}],"author":[{"embeddable":true,"href":"https:\/\/agora.xtec.cat\/esc-teresabergada\/wp-json\/wp\/v2\/users\/14"}],"replies":[{"embeddable":true,"href":"https:\/\/agora.xtec.cat\/esc-teresabergada\/wp-json\/wp\/v2\/comments?post=12498"}],"version-history":[{"count":2,"href":"https:\/\/agora.xtec.cat\/esc-teresabergada\/wp-json\/wp\/v2\/posts\/12498\/revisions"}],"predecessor-version":[{"id":12501,"href":"https:\/\/agora.xtec.cat\/esc-teresabergada\/wp-json\/wp\/v2\/posts\/12498\/revisions\/12501"}],"wp:featuredmedia":[{"embeddable":true,"href":"https:\/\/agora.xtec.cat\/esc-teresabergada\/wp-json\/wp\/v2\/media\/12500"}],"wp:attachment":[{"href":"https:\/\/agora.xtec.cat\/esc-teresabergada\/wp-json\/wp\/v2\/media?parent=12498"}],"wp:term":[{"taxonomy":"category","embeddable":true,"href":"https:\/\/agora.xtec.cat\/esc-teresabergada\/wp-json\/wp\/v2\/categories?post=12498"},{"taxonomy":"post_tag","embeddable":true,"href":"https:\/\/agora.xtec.cat\/esc-teresabergada\/wp-json\/wp\/v2\/tags?post=12498"}],"curies":[{"name":"wp","href":"https:\/\/api.w.org\/{rel}","templated":true}]}}