{"id":12494,"date":"2025-03-26T10:17:37","date_gmt":"2025-03-26T09:17:37","guid":{"rendered":"https:\/\/agora.xtec.cat\/esc-teresabergada\/?p=12494"},"modified":"2025-03-26T10:17:37","modified_gmt":"2025-03-26T09:17:37","slug":"descobrint-el-mon-a-traves-de-les-receptes","status":"publish","type":"post","link":"https:\/\/agora.xtec.cat\/esc-teresabergada\/blocs-de-primaria\/1r\/descobrint-el-mon-a-traves-de-les-receptes\/","title":{"rendered":"Descobrint el m\u00f3n a trav\u00e9s de les receptes!"},"content":{"rendered":"<p class=\"\" data-start=\"61\" data-end=\"116\">Des de fa setmanes, els alumnes de primer hem estat treballant la <strong data-start=\"184\" data-end=\"221\">tipologia textual de les receptes<\/strong>. Hem apr\u00e8s la seva estructura, el vocabulari espec\u00edfic i la import\u00e0ncia de donar instruccions clares. Despr\u00e9s de moltes sessions d\u2019aprenentatge i pr\u00e0ctica, hem volgut posar-ho en acci\u00f3 d\u2019una manera ben especial: <strong data-start=\"434\" data-end=\"463\">cuinant receptes del m\u00f3n!<\/strong><\/p>\n<p class=\"\" data-start=\"467\" data-end=\"790\">Per equips, hem preparat plats tradicionals com arepas de Vene\u00e7uela, sushi dol\u00e7 del Jap\u00f3, guacamole de M\u00e8xic, tabbouleh del L\u00edban, i fins a vuit receptes diferents. Aquesta experi\u00e8ncia ha estat la <strong data-start=\"668\" data-end=\"701\">culminaci\u00f3 del nostre treball<\/strong>, combinant l&#8217;exposici\u00f3 oral, l&#8217;escriptura dels men\u00fas i, sobretot, el treball en equip.<\/p>\n<p class=\"\" data-start=\"792\" data-end=\"901\">I quin millor final que compartir un esmorzar delici\u00f3s? Ha estat un mat\u00ed ple d\u2019aprenentatges i sabors!<\/p>\n","protected":false},"excerpt":{"rendered":"<p>Des de fa setmanes, els alumnes de primer hem estat treballant la tipologia textual de les receptes. Hem apr\u00e8s la seva estructura, el vocabulari espec\u00edfic i la import\u00e0ncia de donar instruccions clares. Despr\u00e9s de moltes sessions d\u2019aprenentatge i pr\u00e0ctica, hem volgut posar-ho en acci\u00f3 d\u2019una&hellip;  <a href=\"https:\/\/agora.xtec.cat\/esc-teresabergada\/blocs-de-primaria\/1r\/descobrint-el-mon-a-traves-de-les-receptes\/\" title=\"Read Descobrint el m\u00f3n a trav\u00e9s de les receptes!\">Llegeix m\u00e9s\u00bb<\/a><\/p>\n","protected":false},"author":16,"featured_media":12495,"comment_status":"open","ping_status":"closed","sticky":false,"template":"","format":"standard","meta":{"_bbp_topic_count":0,"_bbp_reply_count":0,"_bbp_total_topic_count":0,"_bbp_total_reply_count":0,"_bbp_voice_count":0,"_bbp_anonymous_reply_count":0,"_bbp_topic_count_hidden":0,"_bbp_reply_count_hidden":0,"_bbp_forum_subforum_count":0,"footnotes":""},"categories":[348,656],"tags":[671,597,668,669,404,670,180,667],"class_list":["post-12494","post","type-post","status-publish","format-standard","has-post-thumbnail","hentry","category-1r","category-blocs-de-primaria","tag-cuinem","tag-esmorzar","tag-exposicio-oral","tag-les-receptes","tag-llengua-catalana","tag-menjars-del-mon","tag-primer","tag-tipologia-textual"],"post_mailing_queue_ids":[],"_links":{"self":[{"href":"https:\/\/agora.xtec.cat\/esc-teresabergada\/wp-json\/wp\/v2\/posts\/12494","targetHints":{"allow":["GET"]}}],"collection":[{"href":"https:\/\/agora.xtec.cat\/esc-teresabergada\/wp-json\/wp\/v2\/posts"}],"about":[{"href":"https:\/\/agora.xtec.cat\/esc-teresabergada\/wp-json\/wp\/v2\/types\/post"}],"author":[{"embeddable":true,"href":"https:\/\/agora.xtec.cat\/esc-teresabergada\/wp-json\/wp\/v2\/users\/16"}],"replies":[{"embeddable":true,"href":"https:\/\/agora.xtec.cat\/esc-teresabergada\/wp-json\/wp\/v2\/comments?post=12494"}],"version-history":[{"count":1,"href":"https:\/\/agora.xtec.cat\/esc-teresabergada\/wp-json\/wp\/v2\/posts\/12494\/revisions"}],"predecessor-version":[{"id":12496,"href":"https:\/\/agora.xtec.cat\/esc-teresabergada\/wp-json\/wp\/v2\/posts\/12494\/revisions\/12496"}],"wp:featuredmedia":[{"embeddable":true,"href":"https:\/\/agora.xtec.cat\/esc-teresabergada\/wp-json\/wp\/v2\/media\/12495"}],"wp:attachment":[{"href":"https:\/\/agora.xtec.cat\/esc-teresabergada\/wp-json\/wp\/v2\/media?parent=12494"}],"wp:term":[{"taxonomy":"category","embeddable":true,"href":"https:\/\/agora.xtec.cat\/esc-teresabergada\/wp-json\/wp\/v2\/categories?post=12494"},{"taxonomy":"post_tag","embeddable":true,"href":"https:\/\/agora.xtec.cat\/esc-teresabergada\/wp-json\/wp\/v2\/tags?post=12494"}],"curies":[{"name":"wp","href":"https:\/\/api.w.org\/{rel}","templated":true}]}}