{"id":12475,"date":"2025-03-04T17:05:47","date_gmt":"2025-03-04T16:05:47","guid":{"rendered":"https:\/\/agora.xtec.cat\/esc-teresabergada\/?p=12475"},"modified":"2025-03-04T17:08:01","modified_gmt":"2025-03-04T16:08:01","slug":"percussio-corporal","status":"publish","type":"post","link":"https:\/\/agora.xtec.cat\/esc-teresabergada\/musica\/percussio-corporal\/","title":{"rendered":"Percussi\u00f3 Corporal"},"content":{"rendered":"<p>Aquest mes, els alumnes de cinqu\u00e8 hem gaudit d&#8217;una experi\u00e8ncia r\u00edtmica diferent i molt engrescadora a trav\u00e9s dels ritmes corporals. Aquesta activitat, que combina moviment i percussi\u00f3, ens ha perm\u00e8s experimentar amb el propi cos com a instrument musical.<br \/>\nDurant les sessions, en grups, hem creat i apr\u00e8s diferents patrons r\u00edtmics fent \u00fas de les mans, els peus i altres parts del cos. Els ritmes corporals s\u00f3n una manera de treballar la m\u00fasica d\u2019una forma vivencial, fomentant aix\u00ed la coordinaci\u00f3, l&#8217;escolta activa i el sentit del ritme. A trav\u00e9s d&#8217;aquesta proposta, hem refor\u00e7at conceptes musicals d&#8217;una manera l\u00fadica i vivencial. Els alumnes han descobert com la m\u00fasica es pot expressar sense necessitat d&#8217;instruments convencionals, nom\u00e9s amb el\u00a0 propi cos i creativitat.<\/p>\n<p>*Podeu veure el v\u00eddeo final de l&#8217;activitat a la carpeta de les fotos.<\/p>\n","protected":false},"excerpt":{"rendered":"<p>Aquest mes, els alumnes de cinqu\u00e8 hem gaudit d&#8217;una experi\u00e8ncia r\u00edtmica diferent i molt engrescadora a trav\u00e9s dels ritmes corporals. Aquesta activitat, que combina moviment i percussi\u00f3, ens ha perm\u00e8s experimentar amb el propi cos com a instrument musical.<br \/>\nDurant les sessions, en grups, hem creat&hellip;  <a href=\"https:\/\/agora.xtec.cat\/esc-teresabergada\/musica\/percussio-corporal\/\" title=\"Read Percussi\u00f3 Corporal\">Llegeix m\u00e9s\u00bb<\/a><\/p>\n","protected":false},"author":60,"featured_media":12476,"comment_status":"open","ping_status":"closed","sticky":false,"template":"","format":"standard","meta":{"_bbp_topic_count":0,"_bbp_reply_count":0,"_bbp_total_topic_count":0,"_bbp_total_reply_count":0,"_bbp_voice_count":0,"_bbp_anonymous_reply_count":0,"_bbp_topic_count_hidden":0,"_bbp_reply_count_hidden":0,"_bbp_forum_subforum_count":0,"footnotes":""},"categories":[349,104],"tags":[],"class_list":["post-12475","post","type-post","status-publish","format-standard","has-post-thumbnail","hentry","category-5e","category-musica"],"post_mailing_queue_ids":[],"_links":{"self":[{"href":"https:\/\/agora.xtec.cat\/esc-teresabergada\/wp-json\/wp\/v2\/posts\/12475","targetHints":{"allow":["GET"]}}],"collection":[{"href":"https:\/\/agora.xtec.cat\/esc-teresabergada\/wp-json\/wp\/v2\/posts"}],"about":[{"href":"https:\/\/agora.xtec.cat\/esc-teresabergada\/wp-json\/wp\/v2\/types\/post"}],"author":[{"embeddable":true,"href":"https:\/\/agora.xtec.cat\/esc-teresabergada\/wp-json\/wp\/v2\/users\/60"}],"replies":[{"embeddable":true,"href":"https:\/\/agora.xtec.cat\/esc-teresabergada\/wp-json\/wp\/v2\/comments?post=12475"}],"version-history":[{"count":2,"href":"https:\/\/agora.xtec.cat\/esc-teresabergada\/wp-json\/wp\/v2\/posts\/12475\/revisions"}],"predecessor-version":[{"id":12478,"href":"https:\/\/agora.xtec.cat\/esc-teresabergada\/wp-json\/wp\/v2\/posts\/12475\/revisions\/12478"}],"wp:featuredmedia":[{"embeddable":true,"href":"https:\/\/agora.xtec.cat\/esc-teresabergada\/wp-json\/wp\/v2\/media\/12476"}],"wp:attachment":[{"href":"https:\/\/agora.xtec.cat\/esc-teresabergada\/wp-json\/wp\/v2\/media?parent=12475"}],"wp:term":[{"taxonomy":"category","embeddable":true,"href":"https:\/\/agora.xtec.cat\/esc-teresabergada\/wp-json\/wp\/v2\/categories?post=12475"},{"taxonomy":"post_tag","embeddable":true,"href":"https:\/\/agora.xtec.cat\/esc-teresabergada\/wp-json\/wp\/v2\/tags?post=12475"}],"curies":[{"name":"wp","href":"https:\/\/api.w.org\/{rel}","templated":true}]}}