{"id":12463,"date":"2025-02-26T16:19:21","date_gmt":"2025-02-26T15:19:21","guid":{"rendered":"https:\/\/agora.xtec.cat\/esc-teresabergada\/?p=12463"},"modified":"2025-02-27T07:25:32","modified_gmt":"2025-02-27T06:25:32","slug":"tallers-cientifics-a-cicle-mitja","status":"publish","type":"post","link":"https:\/\/agora.xtec.cat\/esc-teresabergada\/blocs-de-primaria\/3r\/tallers-cientifics-a-cicle-mitja\/","title":{"rendered":"Tallers cient\u00edfics a cicle mitj\u00e0"},"content":{"rendered":"<p data-start=\"0\" data-end=\"387\"><a href=\"https:\/\/agora.xtec.cat\/esc-teresabergada\/wp-content\/uploads\/usu1533\/2025\/02\/robotica.jpg\"><img loading=\"lazy\" decoding=\"async\" class=\"alignnone size-large wp-image-12465\" src=\"https:\/\/agora.xtec.cat\/esc-teresabergada\/wp-content\/uploads\/usu1533\/2025\/02\/robotica-1024x474.jpg\" alt=\"\" width=\"1024\" height=\"474\" srcset=\"https:\/\/agora.xtec.cat\/esc-teresabergada\/wp-content\/uploads\/usu1533\/2025\/02\/robotica-1024x474.jpg 1024w, https:\/\/agora.xtec.cat\/esc-teresabergada\/wp-content\/uploads\/usu1533\/2025\/02\/robotica-300x139.jpg 300w, https:\/\/agora.xtec.cat\/esc-teresabergada\/wp-content\/uploads\/usu1533\/2025\/02\/robotica-768x356.jpg 768w, https:\/\/agora.xtec.cat\/esc-teresabergada\/wp-content\/uploads\/usu1533\/2025\/02\/robotica.jpg 1140w\" sizes=\"auto, (max-width: 1024px) 100vw, 1024px\" \/><\/a><\/p>\n<p data-start=\"0\" data-end=\"387\">Durant aquest mes, a l&#8217;escola hem tingut l&#8217;oportunitat de submergir-nos en el fascinant m\u00f3n de la ci\u00e8ncia a trav\u00e9s dels tallers cient\u00edfics. Hem treballat de manera activa per despertar la nostra mirada cient\u00edfica, que ens anima a observar, preguntar i experimentar. Hem apr\u00e8s a comprovar hip\u00f2tesis, a posar en marxa el pensament cr\u00edtic i a entendre millor el m\u00f3n que ens envolta.<\/p>\n<p data-start=\"389\" data-end=\"762\">Aquesta edici\u00f3 ha estat especial, ja que hem incorporat la rob\u00f2tica als nostres tallers gr\u00e0cies al material que ens ha cedit el Departament d&#8217;Educaci\u00f3. Aix\u00f2 ens ha perm\u00e8s descobrir noves maneres de treballar, com en el taller de &#8220;Catalunya Experience&#8221; amb el Codey Rocky, un petit robot amb qu\u00e8 hem programat i explorat diferents conceptes de la rob\u00f2tica.<\/p>\n<p data-start=\"764\" data-end=\"1069\">Els altres tallers que hem realitzat han estat igualment emocionants i enriquidors: hem descobert qu\u00e8 \u00e9s un calidoscopi, hem investigat per qu\u00e8 les olles i les paelles s\u00f3n met\u00e0l\u00b7liques i hem apr\u00e9s com es transmet el so. Cada experi\u00e8ncia ha estat una nova porta oberta a la curiositat i a l&#8217;experimentaci\u00f3.<\/p>\n<p data-start=\"1071\" data-end=\"1331\" data-is-last-node=\"\" data-is-only-node=\"\">Ens ho hem passat molt b\u00e9 i hem apr\u00e8s molt. Com diu Albert Einstein: &#8220;La imaginaci\u00f3 \u00e9s m\u00e9s important que el coneixement&#8221;. \u00c9s aix\u00ed com continuarem explorant i descobrint noves formes de veure el m\u00f3n, amb els ulls de la ci\u00e8ncia i la curiositat sempre ben oberts.<\/p>\n","protected":false},"excerpt":{"rendered":"<p><a href=\"https:\/\/agora.xtec.cat\/esc-teresabergada\/wp-content\/uploads\/usu1533\/2025\/02\/robotica.jpg\"><\/a><br \/>\nDurant aquest mes, a l&#8217;escola hem tingut l&#8217;oportunitat de submergir-nos en el fascinant m\u00f3n de la ci\u00e8ncia a trav\u00e9s dels tallers cient\u00edfics. Hem treballat de manera activa per despertar la nostra mirada cient\u00edfica, que ens anima a observar, preguntar i experimentar. Hem apr\u00e8s a&hellip;  <a href=\"https:\/\/agora.xtec.cat\/esc-teresabergada\/blocs-de-primaria\/3r\/tallers-cientifics-a-cicle-mitja\/\" title=\"Read Tallers cient\u00edfics a cicle mitj\u00e0\">Llegeix m\u00e9s\u00bb<\/a><\/p>\n","protected":false},"author":69,"featured_media":12465,"comment_status":"open","ping_status":"closed","sticky":false,"template":"","format":"standard","meta":{"_bbp_topic_count":0,"_bbp_reply_count":0,"_bbp_total_topic_count":0,"_bbp_total_reply_count":0,"_bbp_voice_count":0,"_bbp_anonymous_reply_count":0,"_bbp_topic_count_hidden":0,"_bbp_reply_count_hidden":0,"_bbp_forum_subforum_count":0,"footnotes":""},"categories":[238,250],"tags":[],"class_list":["post-12463","post","type-post","status-publish","format-standard","has-post-thumbnail","hentry","category-3r","category-4t"],"post_mailing_queue_ids":[],"_links":{"self":[{"href":"https:\/\/agora.xtec.cat\/esc-teresabergada\/wp-json\/wp\/v2\/posts\/12463","targetHints":{"allow":["GET"]}}],"collection":[{"href":"https:\/\/agora.xtec.cat\/esc-teresabergada\/wp-json\/wp\/v2\/posts"}],"about":[{"href":"https:\/\/agora.xtec.cat\/esc-teresabergada\/wp-json\/wp\/v2\/types\/post"}],"author":[{"embeddable":true,"href":"https:\/\/agora.xtec.cat\/esc-teresabergada\/wp-json\/wp\/v2\/users\/69"}],"replies":[{"embeddable":true,"href":"https:\/\/agora.xtec.cat\/esc-teresabergada\/wp-json\/wp\/v2\/comments?post=12463"}],"version-history":[{"count":3,"href":"https:\/\/agora.xtec.cat\/esc-teresabergada\/wp-json\/wp\/v2\/posts\/12463\/revisions"}],"predecessor-version":[{"id":12468,"href":"https:\/\/agora.xtec.cat\/esc-teresabergada\/wp-json\/wp\/v2\/posts\/12463\/revisions\/12468"}],"wp:featuredmedia":[{"embeddable":true,"href":"https:\/\/agora.xtec.cat\/esc-teresabergada\/wp-json\/wp\/v2\/media\/12465"}],"wp:attachment":[{"href":"https:\/\/agora.xtec.cat\/esc-teresabergada\/wp-json\/wp\/v2\/media?parent=12463"}],"wp:term":[{"taxonomy":"category","embeddable":true,"href":"https:\/\/agora.xtec.cat\/esc-teresabergada\/wp-json\/wp\/v2\/categories?post=12463"},{"taxonomy":"post_tag","embeddable":true,"href":"https:\/\/agora.xtec.cat\/esc-teresabergada\/wp-json\/wp\/v2\/tags?post=12463"}],"curies":[{"name":"wp","href":"https:\/\/api.w.org\/{rel}","templated":true}]}}