{"id":12455,"date":"2025-02-26T13:01:27","date_gmt":"2025-02-26T12:01:27","guid":{"rendered":"https:\/\/agora.xtec.cat\/esc-teresabergada\/?p=12455"},"modified":"2025-02-26T13:06:00","modified_gmt":"2025-02-26T12:06:00","slug":"explorant-el-mon-que-ens-envolta","status":"publish","type":"post","link":"https:\/\/agora.xtec.cat\/esc-teresabergada\/blocs-de-primaria\/6e\/explorant-el-mon-que-ens-envolta\/","title":{"rendered":"EXPLORANT EL M\u00d3N QUE ENS ENVOLTA"},"content":{"rendered":"<p style=\"text-align: justify;\"><span style=\"font-weight: 400;\">Aquest mes de febrer ha estat ple d\u2019aprenentatges vinculats amb l\u2019\u00e0rea de medi.\u00a0<\/span><\/p>\n<p style=\"text-align: justify;\"><span style=\"font-weight: 400;\">Per una banda hem tancat el primer projecte del curs, <\/span><b>Els 5 regnes dels \u00e9ssers vius<\/b><span style=\"font-weight: 400;\">, amb la seva corresponent <\/span><b>presentaci\u00f3<\/b><span style=\"font-weight: 400;\"> a les fam\u00edlies. Per al nostre alumnat \u00e9s una experi\u00e8ncia plena de significat, ja que afavoreix la implicaci\u00f3 activa dels seus familiars en el seu cam\u00ed educatiu. A m\u00e9s a m\u00e9s, els permet consolidar els coneixements d&#8217;una manera vivencial i creativa, mentre desenvolupen habilitats comunicatives.<\/span><\/p>\n<p><img loading=\"lazy\" decoding=\"async\" class=\"aligncenter wp-image-12460 size-medium\" src=\"https:\/\/agora.xtec.cat\/esc-teresabergada\/wp-content\/uploads\/usu1533\/2025\/02\/PRESENTACIO-FAMILIES-2-300x225.jpg\" alt=\"\" width=\"300\" height=\"225\" srcset=\"https:\/\/agora.xtec.cat\/esc-teresabergada\/wp-content\/uploads\/usu1533\/2025\/02\/PRESENTACIO-FAMILIES-2-300x225.jpg 300w, https:\/\/agora.xtec.cat\/esc-teresabergada\/wp-content\/uploads\/usu1533\/2025\/02\/PRESENTACIO-FAMILIES-2-768x576.jpg 768w, https:\/\/agora.xtec.cat\/esc-teresabergada\/wp-content\/uploads\/usu1533\/2025\/02\/PRESENTACIO-FAMILIES-2-200x150.jpg 200w, https:\/\/agora.xtec.cat\/esc-teresabergada\/wp-content\/uploads\/usu1533\/2025\/02\/PRESENTACIO-FAMILIES-2.jpg 816w\" sizes=\"auto, (max-width: 300px) 100vw, 300px\" \/><\/p>\n<p>&nbsp;<\/p>\n<p style=\"text-align: justify;\"><span style=\"font-weight: 400;\">Per l\u2019altra, les tardes de <\/span><b>tallers cient\u00edfics<\/b><span style=\"font-weight: 400;\">. Els canvis f\u00edsics i qu\u00edmics, la densitat, el llenguatge comuptacional i l\u2019exist\u00e8ncia de l\u2019aire han estat l\u2019excusa per aprendre tot emprant el m\u00e8tode cient\u00edfic: elaborant hip\u00f2tesis, observant, experimentant i construint conclusions tots junts.<\/span><\/p>\n<p><img loading=\"lazy\" decoding=\"async\" class=\"aligncenter wp-image-12456 size-medium\" src=\"https:\/\/agora.xtec.cat\/esc-teresabergada\/wp-content\/uploads\/usu1533\/2025\/02\/IMG_3416-300x225.jpg\" alt=\"\" width=\"300\" height=\"225\" srcset=\"https:\/\/agora.xtec.cat\/esc-teresabergada\/wp-content\/uploads\/usu1533\/2025\/02\/IMG_3416-300x225.jpg 300w, https:\/\/agora.xtec.cat\/esc-teresabergada\/wp-content\/uploads\/usu1533\/2025\/02\/IMG_3416-1024x768.jpg 1024w, https:\/\/agora.xtec.cat\/esc-teresabergada\/wp-content\/uploads\/usu1533\/2025\/02\/IMG_3416-768x576.jpg 768w, https:\/\/agora.xtec.cat\/esc-teresabergada\/wp-content\/uploads\/usu1533\/2025\/02\/IMG_3416-1536x1152.jpg 1536w, https:\/\/agora.xtec.cat\/esc-teresabergada\/wp-content\/uploads\/usu1533\/2025\/02\/IMG_3416-2048x1536.jpg 2048w, https:\/\/agora.xtec.cat\/esc-teresabergada\/wp-content\/uploads\/usu1533\/2025\/02\/IMG_3416-200x150.jpg 200w\" sizes=\"auto, (max-width: 300px) 100vw, 300px\" \/><\/p>\n","protected":false},"excerpt":{"rendered":"<p>Aquest mes de febrer ha estat ple d\u2019aprenentatges vinculats amb l\u2019\u00e0rea de medi.\u00a0<br \/>\nPer una banda hem tancat el primer projecte del curs, Els 5 regnes dels \u00e9ssers vius, amb la seva corresponent presentaci\u00f3 a les fam\u00edlies. Per al nostre alumnat \u00e9s una experi\u00e8ncia plena de&hellip;  <a href=\"https:\/\/agora.xtec.cat\/esc-teresabergada\/blocs-de-primaria\/6e\/explorant-el-mon-que-ens-envolta\/\" title=\"Read EXPLORANT EL M\u00d3N QUE ENS ENVOLTA\">Llegeix m\u00e9s\u00bb<\/a><\/p>\n","protected":false},"author":1,"featured_media":12461,"comment_status":"open","ping_status":"closed","sticky":false,"template":"","format":"standard","meta":{"_bbp_topic_count":0,"_bbp_reply_count":0,"_bbp_total_topic_count":0,"_bbp_total_reply_count":0,"_bbp_voice_count":0,"_bbp_anonymous_reply_count":0,"_bbp_topic_count_hidden":0,"_bbp_reply_count_hidden":0,"_bbp_forum_subforum_count":0,"footnotes":""},"categories":[349,240],"tags":[],"class_list":["post-12455","post","type-post","status-publish","format-standard","has-post-thumbnail","hentry","category-5e","category-6e"],"post_mailing_queue_ids":[],"_links":{"self":[{"href":"https:\/\/agora.xtec.cat\/esc-teresabergada\/wp-json\/wp\/v2\/posts\/12455","targetHints":{"allow":["GET"]}}],"collection":[{"href":"https:\/\/agora.xtec.cat\/esc-teresabergada\/wp-json\/wp\/v2\/posts"}],"about":[{"href":"https:\/\/agora.xtec.cat\/esc-teresabergada\/wp-json\/wp\/v2\/types\/post"}],"author":[{"embeddable":true,"href":"https:\/\/agora.xtec.cat\/esc-teresabergada\/wp-json\/wp\/v2\/users\/1"}],"replies":[{"embeddable":true,"href":"https:\/\/agora.xtec.cat\/esc-teresabergada\/wp-json\/wp\/v2\/comments?post=12455"}],"version-history":[{"count":2,"href":"https:\/\/agora.xtec.cat\/esc-teresabergada\/wp-json\/wp\/v2\/posts\/12455\/revisions"}],"predecessor-version":[{"id":12462,"href":"https:\/\/agora.xtec.cat\/esc-teresabergada\/wp-json\/wp\/v2\/posts\/12455\/revisions\/12462"}],"wp:featuredmedia":[{"embeddable":true,"href":"https:\/\/agora.xtec.cat\/esc-teresabergada\/wp-json\/wp\/v2\/media\/12461"}],"wp:attachment":[{"href":"https:\/\/agora.xtec.cat\/esc-teresabergada\/wp-json\/wp\/v2\/media?parent=12455"}],"wp:term":[{"taxonomy":"category","embeddable":true,"href":"https:\/\/agora.xtec.cat\/esc-teresabergada\/wp-json\/wp\/v2\/categories?post=12455"},{"taxonomy":"post_tag","embeddable":true,"href":"https:\/\/agora.xtec.cat\/esc-teresabergada\/wp-json\/wp\/v2\/tags?post=12455"}],"curies":[{"name":"wp","href":"https:\/\/api.w.org\/{rel}","templated":true}]}}