{"id":12407,"date":"2025-02-04T10:26:00","date_gmt":"2025-02-04T09:26:00","guid":{"rendered":"https:\/\/agora.xtec.cat\/esc-teresabergada\/?p=12407"},"modified":"2025-09-24T16:05:27","modified_gmt":"2025-09-24T14:05:27","slug":"portes-obertes-2025","status":"publish","type":"post","link":"https:\/\/agora.xtec.cat\/esc-teresabergada\/general\/portes-obertes-2025\/","title":{"rendered":"PREINSCRIPCI\u00d3 ESCOLAR 2025-2026"},"content":{"rendered":"<p><img decoding=\"async\" src=\"https:\/\/espai.educacio.gencat.cat\/Alumnes\/PreinscripcioMatricula\/Recursos-Preinscripcio\/PublishingImages\/GENE_CONSTRUIM%20FUTURS_BANNER_744x250_Preinscripcio%CC%81.jpg\" \/><\/p>\n<p>El codi de centre de l\u2019escola Teresa Bergad\u00e0 \u00e9s\u00a0<b>25005120.<\/b><\/p>\n<ul>\n<li style=\"list-style-type: none;\">\n<ul>\n<li><a href=\"https:\/\/drive.google.com\/file\/d\/1xlwSViPH2vlg06YAxzVtRQmxCl3g5c2K\/view\">Oferta inicial de places escolars<\/a>: a partir del 11 de mar\u00e7 de 2025.<\/li>\n<li>Presentaci\u00f3 de sol\u00b7licituds:\n<ul>\n<li><strong>\u200bEducaci\u00f3 infantil de segon cicle i educaci\u00f3 prim\u00e0ria<\/strong>: del 12 al 26 de mar\u00e7 de 2025.<\/li>\n<li><strong>\u200bEducaci\u00f3 secund\u00e0ria obligat\u00f2ria:<\/strong> del 14 al 26 de mar\u00e7 de 2025.<\/li>\n<\/ul>\n<\/li>\n<li>Presentaci\u00f3 de documentaci\u00f3: fins al 28 de mar\u00e7 de 2025.<\/li>\n<li><a href=\"https:\/\/drive.google.com\/file\/d\/1UPPAJTYdMijO3FYJEnAu7SQTz9G8lb4B\/view?usp=sharing\">Llista de sol\u00b7licituds amb la puntuaci\u00f3 provisional:<\/a> 24 d\u2019abril de 2025.<\/li>\n<li>Presentaci\u00f3 de reclamacions: del 24 al 29 d\u2019abril de 2025.<\/li>\n<li><a href=\"https:\/\/drive.google.com\/file\/d\/1oAqtlcGy_GF8zqGuNxtXrBBwlbHsX_1y\/view?usp=sharing\">Llista de sol\u00b7licituds amb la puntuaci\u00f3 un cop resoltes les reclamacions<\/a>: 5 de maig de 2025.<\/li>\n<li>Sorteig per resoldre les sol\u00b7licituds de preinscripci\u00f3 empatades en punts: 8 de maig de 2025.<\/li>\n<li><a href=\"https:\/\/drive.google.com\/file\/d\/1MD2xL7Ih3x_cS27Ow9w059pUm1QYR571\/view?usp=sharing\">Llista ordenada<\/a>: 9 de maig de 2025.<\/li>\n<li><a href=\"https:\/\/drive.google.com\/file\/d\/1qZKApfAq2SA0G5knr2sH3Sz22TDJYzBI\/view?usp=sharing\">Oferta final:<\/a> 16 de juny de 2025.<\/li>\n<li><a href=\"https:\/\/drive.google.com\/file\/d\/1MqBTG6tU-Q4g_Y9pWccYhUgKOuRWCL8y\/view?usp=sharing\">Llista d&#8217;admesos i la llista d&#8217;espera:<\/a> 16 de juny de 2025.<\/li>\n<\/ul>\n<\/li>\n<li><strong>Per\u00edode de matriculaci\u00f3: del 25 de juny al 3 de juliol de 2025.<\/strong><\/li>\n<\/ul>\n<p>Per a m\u00e9s informaci\u00f3 cliqueu el seg\u00fcent <a href=\"https:\/\/preinscripcio.gencat.cat\/ca\/estudis\/infantil-3-6\/inici\/\">enlla\u00e7.<\/a><\/p>\n<p>&nbsp;<\/p>\n<p>&nbsp;<\/p>\n<p>&nbsp;<\/p>\n<p>&nbsp;<\/p>\n<p>&nbsp;<\/p>\n<p>&nbsp;<\/p>\n<p><img loading=\"lazy\" decoding=\"async\" class=\"aligncenter wp-image-12408\" src=\"https:\/\/agora.xtec.cat\/esc-teresabergada\/wp-content\/uploads\/usu1533\/2025\/02\/2025-Portes-obertes-Cartell-i-Diptic-Portada-de-Facebook-2-1024x379.png\" alt=\"\" width=\"297\" height=\"110\" srcset=\"https:\/\/agora.xtec.cat\/esc-teresabergada\/wp-content\/uploads\/usu1533\/2025\/02\/2025-Portes-obertes-Cartell-i-Diptic-Portada-de-Facebook-2-1024x379.png 1024w, https:\/\/agora.xtec.cat\/esc-teresabergada\/wp-content\/uploads\/usu1533\/2025\/02\/2025-Portes-obertes-Cartell-i-Diptic-Portada-de-Facebook-2-300x111.png 300w, https:\/\/agora.xtec.cat\/esc-teresabergada\/wp-content\/uploads\/usu1533\/2025\/02\/2025-Portes-obertes-Cartell-i-Diptic-Portada-de-Facebook-2-768x284.png 768w, https:\/\/agora.xtec.cat\/esc-teresabergada\/wp-content\/uploads\/usu1533\/2025\/02\/2025-Portes-obertes-Cartell-i-Diptic-Portada-de-Facebook-2-1536x568.png 1536w, https:\/\/agora.xtec.cat\/esc-teresabergada\/wp-content\/uploads\/usu1533\/2025\/02\/2025-Portes-obertes-Cartell-i-Diptic-Portada-de-Facebook-2-2048x758.png 2048w\" sizes=\"auto, (max-width: 297px) 100vw, 297px\" \/><\/p>\n","protected":false},"excerpt":{"rendered":"<p>El codi de centre de l\u2019escola Teresa Bergad\u00e0 \u00e9s\u00a025005120.<\/p>\n<ul>\n<li style=\"list-style-type: none;\">\n<ul>\n<li><a href=\"https:\/\/drive.google.com\/file\/d\/1xlwSViPH2vlg06YAxzVtRQmxCl3g5c2K\/view\">Oferta inicial de places escolars<\/a>: a partir del 11 de mar\u00e7 de 2025.<\/li>\n<li>Presentaci\u00f3 de sol\u00b7licituds:\n<ul>\n<li>\u200bEducaci\u00f3 infantil de segon cicle i educaci\u00f3 prim\u00e0ria: del 12 al 26 de mar\u00e7 de 2025.<\/li>\n<li>\u200bEducaci\u00f3 secund\u00e0ria obligat\u00f2ria: del 14&hellip;  <a href=\"https:\/\/agora.xtec.cat\/esc-teresabergada\/general\/portes-obertes-2025\/\" title=\"Read PREINSCRIPCI\u00d3 ESCOLAR 2025-2026\">Llegeix m\u00e9s\u00bb<\/a><br \/>\n","protected":false},"author":1,"featured_media":12487,"comment_status":"open","ping_status":"closed","sticky":false,"template":"","format":"standard","meta":{"_bbp_topic_count":0,"_bbp_reply_count":0,"_bbp_total_topic_count":0,"_bbp_total_reply_count":0,"_bbp_voice_count":0,"_bbp_anonymous_reply_count":0,"_bbp_topic_count_hidden":0,"_bbp_reply_count_hidden":0,"_bbp_forum_subforum_count":0,"footnotes":""},"categories":[1,4],"tags":[],"class_list":["post-12407","post","type-post","status-publish","format-standard","has-post-thumbnail","hentry","category-general","category-portada"],"post_mailing_queue_ids":[],"_links":{"self":[{"href":"https:\/\/agora.xtec.cat\/esc-teresabergada\/wp-json\/wp\/v2\/posts\/12407","targetHints":{"allow":["GET"]}}],"collection":[{"href":"https:\/\/agora.xtec.cat\/esc-teresabergada\/wp-json\/wp\/v2\/posts"}],"about":[{"href":"https:\/\/agora.xtec.cat\/esc-teresabergada\/wp-json\/wp\/v2\/types\/post"}],"author":[{"embeddable":true,"href":"https:\/\/agora.xtec.cat\/esc-teresabergada\/wp-json\/wp\/v2\/users\/1"}],"replies":[{"embeddable":true,"href":"https:\/\/agora.xtec.cat\/esc-teresabergada\/wp-json\/wp\/v2\/comments?post=12407"}],"version-history":[{"count":5,"href":"https:\/\/agora.xtec.cat\/esc-teresabergada\/wp-json\/wp\/v2\/posts\/12407\/revisions"}],"predecessor-version":[{"id":12595,"href":"https:\/\/agora.xtec.cat\/esc-teresabergada\/wp-json\/wp\/v2\/posts\/12407\/revisions\/12595"}],"wp:featuredmedia":[{"embeddable":true,"href":"https:\/\/agora.xtec.cat\/esc-teresabergada\/wp-json\/wp\/v2\/media\/12487"}],"wp:attachment":[{"href":"https:\/\/agora.xtec.cat\/esc-teresabergada\/wp-json\/wp\/v2\/media?parent=12407"}],"wp:term":[{"taxonomy":"category","embeddable":true,"href":"https:\/\/agora.xtec.cat\/esc-teresabergada\/wp-json\/wp\/v2\/categories?post=12407"},{"taxonomy":"post_tag","embeddable":true,"href":"https:\/\/agora.xtec.cat\/esc-teresabergada\/wp-json\/wp\/v2\/tags?post=12407"}],"curies":[{"name":"wp","href":"https:\/\/api.w.org\/{rel}","templated":true}]}}