{"id":12378,"date":"2025-01-30T16:03:50","date_gmt":"2025-01-30T15:03:50","guid":{"rendered":"https:\/\/agora.xtec.cat\/esc-teresabergada\/?p=12378"},"modified":"2025-01-30T17:15:53","modified_gmt":"2025-01-30T16:15:53","slug":"denip25-conviure-per-aprendre","status":"publish","type":"post","link":"https:\/\/agora.xtec.cat\/esc-teresabergada\/portada\/denip25-conviure-per-aprendre\/","title":{"rendered":"#DENIP25. CONVIURE PER APRENDRE"},"content":{"rendered":"<p style=\"text-align: justify;\">La pau \u00e9s un b\u00e9 preuat que es construeix i s&#8217;apr\u00e8n. El DENIP ens regala un temps per reflexionar sobre la import\u00e0ncia de viure en harmonia i contribuir a un m\u00f3n millor.<\/p>\n<p style=\"text-align: justify;\">Aquest any a la nostra escola l&#8217;hem volgut treballar pintant s\u00edmbols de la PAU, compartint jocs de taula amb familiars, creant un cor de papirofl\u00e8xia, conversa a partir de contes&#8230; A m\u00e9s a m\u00e9s, l&#8217;alumnat des d&#8217;I3 fins a 6\u00e8, hem creat una instal\u00b7laci\u00f3 col\u00b7laborativa en la qual hi hem penjat missatges que ens ajuden a saber gestionar els conflictes amb empatia i respecte.<\/p>\n<p><img loading=\"lazy\" decoding=\"async\" class=\"aligncenter wp-image-12385 size-large\" src=\"https:\/\/agora.xtec.cat\/esc-teresabergada\/wp-content\/uploads\/usu1533\/2025\/01\/WhatsApp-Image-2025-01-30-at-15.58.49-1024x768.jpeg\" alt=\"\" width=\"1024\" height=\"768\" srcset=\"https:\/\/agora.xtec.cat\/esc-teresabergada\/wp-content\/uploads\/usu1533\/2025\/01\/WhatsApp-Image-2025-01-30-at-15.58.49-1024x768.jpeg 1024w, https:\/\/agora.xtec.cat\/esc-teresabergada\/wp-content\/uploads\/usu1533\/2025\/01\/WhatsApp-Image-2025-01-30-at-15.58.49-300x225.jpeg 300w, https:\/\/agora.xtec.cat\/esc-teresabergada\/wp-content\/uploads\/usu1533\/2025\/01\/WhatsApp-Image-2025-01-30-at-15.58.49-768x576.jpeg 768w, https:\/\/agora.xtec.cat\/esc-teresabergada\/wp-content\/uploads\/usu1533\/2025\/01\/WhatsApp-Image-2025-01-30-at-15.58.49-1536x1152.jpeg 1536w, https:\/\/agora.xtec.cat\/esc-teresabergada\/wp-content\/uploads\/usu1533\/2025\/01\/WhatsApp-Image-2025-01-30-at-15.58.49-200x150.jpeg 200w, https:\/\/agora.xtec.cat\/esc-teresabergada\/wp-content\/uploads\/usu1533\/2025\/01\/WhatsApp-Image-2025-01-30-at-15.58.49.jpeg 1600w\" sizes=\"auto, (max-width: 1024px) 100vw, 1024px\" \/><\/p>\n","protected":false},"excerpt":{"rendered":"<p>La pau \u00e9s un b\u00e9 preuat que es construeix i s&#8217;apr\u00e8n. El DENIP ens regala un temps per reflexionar sobre la import\u00e0ncia de viure en harmonia i contribuir a un m\u00f3n millor.<br \/>\nAquest any a la nostra escola l&#8217;hem volgut treballar pintant s\u00edmbols de la PAU,&hellip;  <a href=\"https:\/\/agora.xtec.cat\/esc-teresabergada\/portada\/denip25-conviure-per-aprendre\/\" title=\"Read #DENIP25. CONVIURE PER APRENDRE\">Llegeix m\u00e9s\u00bb<\/a><\/p>\n","protected":false},"author":1,"featured_media":12385,"comment_status":"open","ping_status":"closed","sticky":false,"template":"","format":"standard","meta":{"_bbp_topic_count":0,"_bbp_reply_count":0,"_bbp_total_topic_count":0,"_bbp_total_reply_count":0,"_bbp_voice_count":0,"_bbp_anonymous_reply_count":0,"_bbp_topic_count_hidden":0,"_bbp_reply_count_hidden":0,"_bbp_forum_subforum_count":0,"footnotes":""},"categories":[4],"tags":[],"class_list":["post-12378","post","type-post","status-publish","format-standard","has-post-thumbnail","hentry","category-portada"],"post_mailing_queue_ids":[],"_links":{"self":[{"href":"https:\/\/agora.xtec.cat\/esc-teresabergada\/wp-json\/wp\/v2\/posts\/12378","targetHints":{"allow":["GET"]}}],"collection":[{"href":"https:\/\/agora.xtec.cat\/esc-teresabergada\/wp-json\/wp\/v2\/posts"}],"about":[{"href":"https:\/\/agora.xtec.cat\/esc-teresabergada\/wp-json\/wp\/v2\/types\/post"}],"author":[{"embeddable":true,"href":"https:\/\/agora.xtec.cat\/esc-teresabergada\/wp-json\/wp\/v2\/users\/1"}],"replies":[{"embeddable":true,"href":"https:\/\/agora.xtec.cat\/esc-teresabergada\/wp-json\/wp\/v2\/comments?post=12378"}],"version-history":[{"count":3,"href":"https:\/\/agora.xtec.cat\/esc-teresabergada\/wp-json\/wp\/v2\/posts\/12378\/revisions"}],"predecessor-version":[{"id":12387,"href":"https:\/\/agora.xtec.cat\/esc-teresabergada\/wp-json\/wp\/v2\/posts\/12378\/revisions\/12387"}],"wp:featuredmedia":[{"embeddable":true,"href":"https:\/\/agora.xtec.cat\/esc-teresabergada\/wp-json\/wp\/v2\/media\/12385"}],"wp:attachment":[{"href":"https:\/\/agora.xtec.cat\/esc-teresabergada\/wp-json\/wp\/v2\/media?parent=12378"}],"wp:term":[{"taxonomy":"category","embeddable":true,"href":"https:\/\/agora.xtec.cat\/esc-teresabergada\/wp-json\/wp\/v2\/categories?post=12378"},{"taxonomy":"post_tag","embeddable":true,"href":"https:\/\/agora.xtec.cat\/esc-teresabergada\/wp-json\/wp\/v2\/tags?post=12378"}],"curies":[{"name":"wp","href":"https:\/\/api.w.org\/{rel}","templated":true}]}}