{"id":12376,"date":"2025-01-31T12:55:47","date_gmt":"2025-01-31T11:55:47","guid":{"rendered":"https:\/\/agora.xtec.cat\/esc-teresabergada\/?p=12376"},"modified":"2025-02-08T09:51:49","modified_gmt":"2025-02-08T08:51:49","slug":"projecte-catalunya","status":"publish","type":"post","link":"https:\/\/agora.xtec.cat\/esc-teresabergada\/blocs-de-primaria\/3r\/projecte-catalunya\/","title":{"rendered":"PROJECTE CATALUNYA"},"content":{"rendered":"<p>Aquesta setmana l&#8217;alumnat de cicle mitj\u00e0 ha realitzat l&#8217;exposici\u00f3 del projecte de Catalunya davant de les fam\u00edlies.<\/p>\n<p>Aquest projecte s&#8217;ha anat desenvolupant durant totes les sessions de medi del primer trimestre. L&#8217;alumnat de tercer i quart ha anat descobrint diferents aspectes de Catalunya referents a la seva situaci\u00f3 en el m\u00f3n, la poblaci\u00f3, els sectors econ\u00f2mics, el relleu, les comarques, les tradicions, els rius, els paisatges&#8230; tot des d&#8217;una vessant significativa.<\/p>\n<p>Relacionat amb el projecte, dins les hores d&#8217;art, hem treballat tres autors catalans:\u00a0 Joan Mir\u00f3, Salvador Dal\u00ed i Josep Guinovart. Hem aprofitat alguns dels nostres treballs art\u00edstics per fer l&#8217;exposici\u00f3 de la festa de Sant Antoni a l&#8217;Ajuntament d&#8217;Alguaire.<\/p>\n<p>En el marc del projecte tamb\u00e9 hem fet diferents sortides: Catalunya enminiatura al setembre, la pujada al Sagrat Cor i la visita a l&#8217;ermita de la Mare de D\u00e9u del Merli.<\/p>\n<p>Ha estat una activitat molt profitosa per a tot l&#8217;alumnat i ha servit per con\u00e8ixer el lloc on vivim i situar-lo en el m\u00f3n.<\/p>\n<p>Agra\u00efm a les fam\u00edlies la seva implicaci\u00f3.<\/p>\n<p><a style=\"color: #2795b6;\" href=\"https:\/\/agora.xtec.cat\/esc-teresabergada\/wp-content\/uploads\/usu1533\/2025\/01\/IMG-20250131-WA0012-1.jpg\"><img loading=\"lazy\" decoding=\"async\" class=\"wp-image-12395 aligncenter\" src=\"https:\/\/agora.xtec.cat\/esc-teresabergada\/wp-content\/uploads\/usu1533\/2025\/01\/IMG-20250131-WA0012-1-1024x768.jpg\" alt=\"\" width=\"281\" height=\"211\" srcset=\"https:\/\/agora.xtec.cat\/esc-teresabergada\/wp-content\/uploads\/usu1533\/2025\/01\/IMG-20250131-WA0012-1-1024x768.jpg 1024w, https:\/\/agora.xtec.cat\/esc-teresabergada\/wp-content\/uploads\/usu1533\/2025\/01\/IMG-20250131-WA0012-1-300x225.jpg 300w, https:\/\/agora.xtec.cat\/esc-teresabergada\/wp-content\/uploads\/usu1533\/2025\/01\/IMG-20250131-WA0012-1-768x576.jpg 768w, https:\/\/agora.xtec.cat\/esc-teresabergada\/wp-content\/uploads\/usu1533\/2025\/01\/IMG-20250131-WA0012-1-1536x1152.jpg 1536w, https:\/\/agora.xtec.cat\/esc-teresabergada\/wp-content\/uploads\/usu1533\/2025\/01\/IMG-20250131-WA0012-1-200x150.jpg 200w, https:\/\/agora.xtec.cat\/esc-teresabergada\/wp-content\/uploads\/usu1533\/2025\/01\/IMG-20250131-WA0012-1.jpg 1600w\" sizes=\"auto, (max-width: 281px) 100vw, 281px\" \/><\/a><\/p>\n","protected":false},"excerpt":{"rendered":"<p>Aquesta setmana l&#8217;alumnat de cicle mitj\u00e0 ha realitzat l&#8217;exposici\u00f3 del projecte de Catalunya davant de les fam\u00edlies.<br \/>\nAquest projecte s&#8217;ha anat desenvolupant durant totes les sessions de medi del primer trimestre. L&#8217;alumnat de tercer i quart ha anat descobrint diferents aspectes de Catalunya referents a la&hellip;  <a href=\"https:\/\/agora.xtec.cat\/esc-teresabergada\/blocs-de-primaria\/3r\/projecte-catalunya\/\" title=\"Read PROJECTE CATALUNYA\">Llegeix m\u00e9s\u00bb<\/a><\/p>\n","protected":false},"author":1,"featured_media":12395,"comment_status":"open","ping_status":"closed","sticky":false,"template":"","format":"standard","meta":{"_bbp_topic_count":0,"_bbp_reply_count":0,"_bbp_total_topic_count":0,"_bbp_total_reply_count":0,"_bbp_voice_count":0,"_bbp_anonymous_reply_count":0,"_bbp_topic_count_hidden":0,"_bbp_reply_count_hidden":0,"_bbp_forum_subforum_count":0,"footnotes":""},"categories":[238,250,392],"tags":[],"class_list":["post-12376","post","type-post","status-publish","format-standard","has-post-thumbnail","hentry","category-3r","category-4t","category-catalunya"],"post_mailing_queue_ids":[],"_links":{"self":[{"href":"https:\/\/agora.xtec.cat\/esc-teresabergada\/wp-json\/wp\/v2\/posts\/12376","targetHints":{"allow":["GET"]}}],"collection":[{"href":"https:\/\/agora.xtec.cat\/esc-teresabergada\/wp-json\/wp\/v2\/posts"}],"about":[{"href":"https:\/\/agora.xtec.cat\/esc-teresabergada\/wp-json\/wp\/v2\/types\/post"}],"author":[{"embeddable":true,"href":"https:\/\/agora.xtec.cat\/esc-teresabergada\/wp-json\/wp\/v2\/users\/1"}],"replies":[{"embeddable":true,"href":"https:\/\/agora.xtec.cat\/esc-teresabergada\/wp-json\/wp\/v2\/comments?post=12376"}],"version-history":[{"count":3,"href":"https:\/\/agora.xtec.cat\/esc-teresabergada\/wp-json\/wp\/v2\/posts\/12376\/revisions"}],"predecessor-version":[{"id":12413,"href":"https:\/\/agora.xtec.cat\/esc-teresabergada\/wp-json\/wp\/v2\/posts\/12376\/revisions\/12413"}],"wp:featuredmedia":[{"embeddable":true,"href":"https:\/\/agora.xtec.cat\/esc-teresabergada\/wp-json\/wp\/v2\/media\/12395"}],"wp:attachment":[{"href":"https:\/\/agora.xtec.cat\/esc-teresabergada\/wp-json\/wp\/v2\/media?parent=12376"}],"wp:term":[{"taxonomy":"category","embeddable":true,"href":"https:\/\/agora.xtec.cat\/esc-teresabergada\/wp-json\/wp\/v2\/categories?post=12376"},{"taxonomy":"post_tag","embeddable":true,"href":"https:\/\/agora.xtec.cat\/esc-teresabergada\/wp-json\/wp\/v2\/tags?post=12376"}],"curies":[{"name":"wp","href":"https:\/\/api.w.org\/{rel}","templated":true}]}}