{"id":12370,"date":"2025-01-21T16:23:00","date_gmt":"2025-01-21T15:23:00","guid":{"rendered":"https:\/\/agora.xtec.cat\/esc-teresabergada\/?p=12370"},"modified":"2025-01-30T13:36:24","modified_gmt":"2025-01-30T12:36:24","slug":"ilerkan-i-els-gossos-de-terapia","status":"publish","type":"post","link":"https:\/\/agora.xtec.cat\/esc-teresabergada\/general\/ilerkan-i-els-gossos-de-terapia\/","title":{"rendered":"ILERKAN I ELS GOSSOS DE TER\u00c0PIA."},"content":{"rendered":"<p>&nbsp;<\/p>\n<p>ILERKAN ja fa anys que col\u00b7labora amb la nostra escola i gr\u00e0cies a aquesta iniciativa:<\/p>\n<ul>\n<li><strong>Els infants amb\u00a0 necessitats educatives especials<\/strong> poden gaudir de sessions de ter\u00e0pia assistida amb gossos, on treballen habilitats com la comunicaci\u00f3 no verbal, la regulaci\u00f3 emocional i la confian\u00e7a.<\/li>\n<li><strong>L\u2019aula es transforma en un espai ple d\u2019alegria i calma<\/strong>, gr\u00e0cies a la pres\u00e8ncia d\u2019aquests animals que saben connectar amb els nens i nenes d\u2019una manera \u00fanica.<\/li>\n<li>Es promou <strong>la conviv\u00e8ncia i l\u2019empatia<\/strong> entre tots els alumnes, ja que aquestes activitats sensibilitzen la resta de la comunitat educativa sobre la diversitat i la import\u00e0ncia de respectar-la.<\/li>\n<\/ul>\n<p>Des de l\u2019inici d\u2019aquesta col\u00b7laboraci\u00f3, hem pogut observar com els infants milloren en aspectes com l\u2019autoregulaci\u00f3 emocional, l\u2019atenci\u00f3 i fins i tot les relacions socials. El vincle que es crea entre els nens i els gossos \u00e9s m\u00e0gic, i aix\u00f2 es reflecteix en un augment de la seva autoestima i benestar general.<\/p>\n<p>Volem expressar el nostre m\u00e9s sincer agra\u00efment a tot l\u2019equip d\u2019ILERKAN per la seva professionalitat, dedicaci\u00f3 i amor. Tamb\u00e9 a les fam\u00edlies per la seva confian\u00e7a i a tota la comunitat educativa per donar suport a iniciatives que fan de la nostra escola un lloc m\u00e9s inclusiu i enriquidor.<\/p>\n<p>Estem emocionats de seguir treballant amb ILERKAN i de veure com aquesta col\u00b7laboraci\u00f3 continuar\u00e0 transformant vides. Ens reafirmem en el nostre comprom\u00eds d\u2019oferir als nostres alumnes les eines i els suports necessaris perqu\u00e8 cadascun d\u2019ells pugui desenvolupar tot el seu potencial.<\/p>\n<p>Gr\u00e0cies, ILERKAN, per caminar al nostre costat en aquest viatge d\u2019aprenentatge i creixement!<a href=\"https:\/\/agora.xtec.cat\/esc-teresabergada\/wp-content\/uploads\/usu1533\/2025\/01\/Imagen-de-WhatsApp-2024-12-09-a-las-16.09.11_526a26bd.jpg\"><img loading=\"lazy\" decoding=\"async\" class=\"size-medium wp-image-12371 aligncenter\" src=\"https:\/\/agora.xtec.cat\/esc-teresabergada\/wp-content\/uploads\/usu1533\/2025\/01\/Imagen-de-WhatsApp-2024-12-09-a-las-16.09.11_526a26bd-225x300.jpg\" alt=\"\" width=\"225\" height=\"300\" srcset=\"https:\/\/agora.xtec.cat\/esc-teresabergada\/wp-content\/uploads\/usu1533\/2025\/01\/Imagen-de-WhatsApp-2024-12-09-a-las-16.09.11_526a26bd-225x300.jpg 225w, https:\/\/agora.xtec.cat\/esc-teresabergada\/wp-content\/uploads\/usu1533\/2025\/01\/Imagen-de-WhatsApp-2024-12-09-a-las-16.09.11_526a26bd-768x1024.jpg 768w, https:\/\/agora.xtec.cat\/esc-teresabergada\/wp-content\/uploads\/usu1533\/2025\/01\/Imagen-de-WhatsApp-2024-12-09-a-las-16.09.11_526a26bd-1152x1536.jpg 1152w, https:\/\/agora.xtec.cat\/esc-teresabergada\/wp-content\/uploads\/usu1533\/2025\/01\/Imagen-de-WhatsApp-2024-12-09-a-las-16.09.11_526a26bd.jpg 1200w\" sizes=\"auto, (max-width: 225px) 100vw, 225px\" \/><\/a><\/p>\n","protected":false},"excerpt":{"rendered":"<p>&nbsp;<br \/>\nILERKAN ja fa anys que col\u00b7labora amb la nostra escola i gr\u00e0cies a aquesta iniciativa:<\/p>\n<ul>\n<li>Els infants amb\u00a0 necessitats educatives especials poden gaudir de sessions de ter\u00e0pia assistida amb gossos, on treballen habilitats com la comunicaci\u00f3 no verbal, la regulaci\u00f3 emocional i la confian\u00e7a.<\/li>\n<li>L\u2019aula es transforma&hellip;  <a href=\"https:\/\/agora.xtec.cat\/esc-teresabergada\/general\/ilerkan-i-els-gossos-de-terapia\/\" title=\"Read ILERKAN I ELS GOSSOS DE TER\u00c0PIA.\">Llegeix m\u00e9s\u00bb<\/a><br \/>\n","protected":false},"author":75,"featured_media":12371,"comment_status":"open","ping_status":"closed","sticky":false,"template":"","format":"standard","meta":{"_bbp_topic_count":0,"_bbp_reply_count":0,"_bbp_total_topic_count":0,"_bbp_total_reply_count":0,"_bbp_voice_count":0,"_bbp_anonymous_reply_count":0,"_bbp_topic_count_hidden":0,"_bbp_reply_count_hidden":0,"_bbp_forum_subforum_count":0,"footnotes":""},"categories":[1,4,636],"tags":[],"class_list":["post-12370","post","type-post","status-publish","format-standard","has-post-thumbnail","hentry","category-general","category-portada","category-siei"],"post_mailing_queue_ids":[],"_links":{"self":[{"href":"https:\/\/agora.xtec.cat\/esc-teresabergada\/wp-json\/wp\/v2\/posts\/12370","targetHints":{"allow":["GET"]}}],"collection":[{"href":"https:\/\/agora.xtec.cat\/esc-teresabergada\/wp-json\/wp\/v2\/posts"}],"about":[{"href":"https:\/\/agora.xtec.cat\/esc-teresabergada\/wp-json\/wp\/v2\/types\/post"}],"author":[{"embeddable":true,"href":"https:\/\/agora.xtec.cat\/esc-teresabergada\/wp-json\/wp\/v2\/users\/75"}],"replies":[{"embeddable":true,"href":"https:\/\/agora.xtec.cat\/esc-teresabergada\/wp-json\/wp\/v2\/comments?post=12370"}],"version-history":[{"count":3,"href":"https:\/\/agora.xtec.cat\/esc-teresabergada\/wp-json\/wp\/v2\/posts\/12370\/revisions"}],"predecessor-version":[{"id":12384,"href":"https:\/\/agora.xtec.cat\/esc-teresabergada\/wp-json\/wp\/v2\/posts\/12370\/revisions\/12384"}],"wp:featuredmedia":[{"embeddable":true,"href":"https:\/\/agora.xtec.cat\/esc-teresabergada\/wp-json\/wp\/v2\/media\/12371"}],"wp:attachment":[{"href":"https:\/\/agora.xtec.cat\/esc-teresabergada\/wp-json\/wp\/v2\/media?parent=12370"}],"wp:term":[{"taxonomy":"category","embeddable":true,"href":"https:\/\/agora.xtec.cat\/esc-teresabergada\/wp-json\/wp\/v2\/categories?post=12370"},{"taxonomy":"post_tag","embeddable":true,"href":"https:\/\/agora.xtec.cat\/esc-teresabergada\/wp-json\/wp\/v2\/tags?post=12370"}],"curies":[{"name":"wp","href":"https:\/\/api.w.org\/{rel}","templated":true}]}}