{"id":12349,"date":"2025-01-17T13:32:22","date_gmt":"2025-01-17T12:32:22","guid":{"rendered":"https:\/\/agora.xtec.cat\/esc-teresabergada\/?p=12349"},"modified":"2025-01-17T13:32:22","modified_gmt":"2025-01-17T12:32:22","slug":"descobrim-el-mon-a-traves-de-la-psicomotricitat","status":"publish","type":"post","link":"https:\/\/agora.xtec.cat\/esc-teresabergada\/general\/descobrim-el-mon-a-traves-de-la-psicomotricitat\/","title":{"rendered":"Descobrim el M\u00f3n a trav\u00e9s de la Psicomotricitat"},"content":{"rendered":"<p align=\"justify\"><span style=\"font-family: Calibri, serif\"><span style=\"font-size: small\"><span lang=\"ca\">A l&#8217;etapa d&#8217;educaci\u00f3 infantil, la psicomotricitat \u00e9s clau per al desenvolupament integral dels infants. A les sessions, combinem joc motriu (circuits amb rampes, t\u00fanels, c\u00e8rcols&#8230;) amb joc simb\u00f2lic, on els infants exploren hist\u00f2ries i situacions imaginatives en moviment.<\/span><\/span><\/span><\/p>\n<p align=\"justify\"><span style=\"font-family: Calibri, serif\"><span style=\"font-size: small\"><span lang=\"ca\">A m\u00e9s, durant les activitats, els infants treballen aspectes com l\u2019equilibri, la for\u00e7a, la coordinaci\u00f3 i la lateralitat, tot explorant el seu cos a trav\u00e9s de jocs din\u00e0mics i creatius. Les activitats estan dissenyades per fomentar la seva autonomia, la concentraci\u00f3 i la capacitat de resoldre problemes de manera independent, tot en un ambient de diversi\u00f3 i cooperaci\u00f3 amb els companys. Aquest tipus de treball \u00e9s fonamental per afavorir un desenvolupament global i equilibrat.<\/span><\/span><\/span><a href=\"https:\/\/agora.xtec.cat\/esc-teresabergada\/wp-content\/uploads\/usu1533\/2025\/01\/IMG_3668.jpg\"><img loading=\"lazy\" decoding=\"async\" class=\"alignnone size-large wp-image-12351\" src=\"https:\/\/agora.xtec.cat\/esc-teresabergada\/wp-content\/uploads\/usu1533\/2025\/01\/IMG_3668-1024x510.jpg\" alt=\"\" width=\"1024\" height=\"510\" srcset=\"https:\/\/agora.xtec.cat\/esc-teresabergada\/wp-content\/uploads\/usu1533\/2025\/01\/IMG_3668-1024x510.jpg 1024w, https:\/\/agora.xtec.cat\/esc-teresabergada\/wp-content\/uploads\/usu1533\/2025\/01\/IMG_3668-300x149.jpg 300w, https:\/\/agora.xtec.cat\/esc-teresabergada\/wp-content\/uploads\/usu1533\/2025\/01\/IMG_3668-768x382.jpg 768w, https:\/\/agora.xtec.cat\/esc-teresabergada\/wp-content\/uploads\/usu1533\/2025\/01\/IMG_3668.jpg 1242w\" sizes=\"auto, (max-width: 1024px) 100vw, 1024px\" \/><\/a><\/p>\n","protected":false},"excerpt":{"rendered":"<p>A l&#8217;etapa d&#8217;educaci\u00f3 infantil, la psicomotricitat \u00e9s clau per al desenvolupament integral dels infants. A les sessions, combinem joc motriu (circuits amb rampes, t\u00fanels, c\u00e8rcols&#8230;) amb joc simb\u00f2lic, on els infants exploren hist\u00f2ries i situacions imaginatives en moviment.<br \/>\nA m\u00e9s, durant les activitats, els infants treballen&hellip;  <a href=\"https:\/\/agora.xtec.cat\/esc-teresabergada\/general\/descobrim-el-mon-a-traves-de-la-psicomotricitat\/\" title=\"Read Descobrim el M\u00f3n a trav\u00e9s de la Psicomotricitat\">Llegeix m\u00e9s\u00bb<\/a><\/p>\n","protected":false},"author":1,"featured_media":0,"comment_status":"open","ping_status":"closed","sticky":false,"template":"","format":"standard","meta":{"_bbp_topic_count":0,"_bbp_reply_count":0,"_bbp_total_topic_count":0,"_bbp_total_reply_count":0,"_bbp_voice_count":0,"_bbp_anonymous_reply_count":0,"_bbp_topic_count_hidden":0,"_bbp_reply_count_hidden":0,"_bbp_forum_subforum_count":0,"footnotes":""},"categories":[1],"tags":[],"class_list":["post-12349","post","type-post","status-publish","format-standard","hentry","category-general"],"post_mailing_queue_ids":[],"_links":{"self":[{"href":"https:\/\/agora.xtec.cat\/esc-teresabergada\/wp-json\/wp\/v2\/posts\/12349","targetHints":{"allow":["GET"]}}],"collection":[{"href":"https:\/\/agora.xtec.cat\/esc-teresabergada\/wp-json\/wp\/v2\/posts"}],"about":[{"href":"https:\/\/agora.xtec.cat\/esc-teresabergada\/wp-json\/wp\/v2\/types\/post"}],"author":[{"embeddable":true,"href":"https:\/\/agora.xtec.cat\/esc-teresabergada\/wp-json\/wp\/v2\/users\/1"}],"replies":[{"embeddable":true,"href":"https:\/\/agora.xtec.cat\/esc-teresabergada\/wp-json\/wp\/v2\/comments?post=12349"}],"version-history":[{"count":1,"href":"https:\/\/agora.xtec.cat\/esc-teresabergada\/wp-json\/wp\/v2\/posts\/12349\/revisions"}],"predecessor-version":[{"id":12352,"href":"https:\/\/agora.xtec.cat\/esc-teresabergada\/wp-json\/wp\/v2\/posts\/12349\/revisions\/12352"}],"wp:attachment":[{"href":"https:\/\/agora.xtec.cat\/esc-teresabergada\/wp-json\/wp\/v2\/media?parent=12349"}],"wp:term":[{"taxonomy":"category","embeddable":true,"href":"https:\/\/agora.xtec.cat\/esc-teresabergada\/wp-json\/wp\/v2\/categories?post=12349"},{"taxonomy":"post_tag","embeddable":true,"href":"https:\/\/agora.xtec.cat\/esc-teresabergada\/wp-json\/wp\/v2\/tags?post=12349"}],"curies":[{"name":"wp","href":"https:\/\/api.w.org\/{rel}","templated":true}]}}