{"id":12347,"date":"2025-01-20T13:43:36","date_gmt":"2025-01-20T12:43:36","guid":{"rendered":"https:\/\/agora.xtec.cat\/esc-teresabergada\/?p=12347"},"modified":"2025-01-21T08:54:36","modified_gmt":"2025-01-21T07:54:36","slug":"tallers-dart-a-cicle-superior","status":"publish","type":"post","link":"https:\/\/agora.xtec.cat\/esc-teresabergada\/blocs-de-primaria\/6e\/tallers-dart-a-cicle-superior\/","title":{"rendered":"TALLERS D&#8217;ART A CICLE SUPERIOR"},"content":{"rendered":"<p style=\"text-align: justify\">Aquest mes de gener l&#8217;alumnat de 5\u00e8 i 6\u00e8 hem finalitzat la primera roda de tallers d&#8217;art, lligats al projecte de medi: <strong><em>&#8220;<\/em><em><strong>el<\/strong>s cinc regnes dels \u00e9ssers vius&#8221;.<\/em><\/strong><\/p>\n<p style=\"text-align: justify\">Vam iniciar-los a trav\u00e9s de la caixa d&#8217;autor de Mart\u00edn Az\u00faa, cedida per part del museu d&#8217;art <em>La Panera, <\/em>de Lleida.<\/p>\n<p><a href=\"https:\/\/agora.xtec.cat\/esc-teresabergada\/wp-content\/uploads\/usu1533\/2025\/01\/large.jpg\"><img loading=\"lazy\" decoding=\"async\" class=\"alignnone wp-image-12367\" src=\"https:\/\/agora.xtec.cat\/esc-teresabergada\/wp-content\/uploads\/usu1533\/2025\/01\/large.jpg\" alt=\"\" width=\"374\" height=\"249\" srcset=\"https:\/\/agora.xtec.cat\/esc-teresabergada\/wp-content\/uploads\/usu1533\/2025\/01\/large.jpg 768w, https:\/\/agora.xtec.cat\/esc-teresabergada\/wp-content\/uploads\/usu1533\/2025\/01\/large-300x200.jpg 300w\" sizes=\"auto, (max-width: 374px) 100vw, 374px\" \/><\/a><\/p>\n<p style=\"text-align: justify\">Aquest dissenyador ens va apropar als conceptes de natural-artificial, on vam dur a terme creacions d&#8217;art ef\u00edmer. A m\u00e9s, vam aprendre la t\u00e8cnica del <em>frottage<\/em> per despr\u00e9s fer les nostres pr\u00f2pies composicions.<\/p>\n<p style=\"text-align: justify\">Un altre dels tallers va anar dirigit a treballar el regne vegetal, tot confeccionant el nostre propi herbari d&#8217;Alguaire. Treballant des de l&#8217;observaci\u00f3 directa de cada planta i flor del nostre entorn, amb delicadesa, fent els tra\u00e7os a llapis per deixar-ho plasmat al paper.<\/p>\n<p style=\"text-align: justify\">En el seg\u00fcent taller ens vam envoltar de plaques de petri i mini m\u00f3ns bacteriol\u00f2gics. Gr\u00e0cies a l&#8217;artista Klari Reis vam poder observar que la microbiologia tamb\u00e9 pot esdevenir art!<\/p>\n<p style=\"text-align: justify\">L&#8217;\u00faltim taller va anar dirigit a treballar el regne animal, des de la perspectiva d&#8217;Emily Robertson. Les viv\u00e8ncies de l\u2019artista en la vida de camp i l\u2019amor per la impressi\u00f3 de tall de lin\u00f3 han perm\u00e8s crear unes produccions art\u00edstiques, amb la t\u00e8cnica del carvat, molt &#8220;animals&#8221;.<\/p>\n<p style=\"text-align: justify\"><a style=\"color: #2795b6\" href=\"https:\/\/agora.xtec.cat\/esc-teresabergada\/wp-content\/uploads\/usu1533\/2025\/01\/IMG_8649-scaled.jpg\"><img loading=\"lazy\" decoding=\"async\" class=\"alignnone wp-image-12350\" src=\"https:\/\/agora.xtec.cat\/esc-teresabergada\/wp-content\/uploads\/usu1533\/2025\/01\/IMG_8649-1024x811.jpg\" alt=\"\" width=\"228\" height=\"180\" srcset=\"https:\/\/agora.xtec.cat\/esc-teresabergada\/wp-content\/uploads\/usu1533\/2025\/01\/IMG_8649-1024x811.jpg 1024w, https:\/\/agora.xtec.cat\/esc-teresabergada\/wp-content\/uploads\/usu1533\/2025\/01\/IMG_8649-300x238.jpg 300w, https:\/\/agora.xtec.cat\/esc-teresabergada\/wp-content\/uploads\/usu1533\/2025\/01\/IMG_8649-768x609.jpg 768w, https:\/\/agora.xtec.cat\/esc-teresabergada\/wp-content\/uploads\/usu1533\/2025\/01\/IMG_8649-1536x1217.jpg 1536w, https:\/\/agora.xtec.cat\/esc-teresabergada\/wp-content\/uploads\/usu1533\/2025\/01\/IMG_8649-2048x1623.jpg 2048w\" sizes=\"auto, (max-width: 228px) 100vw, 228px\" \/> \u00a0<\/a><a href=\"https:\/\/agora.xtec.cat\/esc-teresabergada\/wp-content\/uploads\/usu1533\/2025\/01\/1737376115665-1-scaled.jpg\"><img loading=\"lazy\" decoding=\"async\" class=\"alignnone wp-image-12362\" src=\"https:\/\/agora.xtec.cat\/esc-teresabergada\/wp-content\/uploads\/usu1533\/2025\/01\/1737376115665-1-1024x768.jpg\" alt=\"\" width=\"239\" height=\"179\" srcset=\"https:\/\/agora.xtec.cat\/esc-teresabergada\/wp-content\/uploads\/usu1533\/2025\/01\/1737376115665-1-1024x768.jpg 1024w, https:\/\/agora.xtec.cat\/esc-teresabergada\/wp-content\/uploads\/usu1533\/2025\/01\/1737376115665-1-300x225.jpg 300w, https:\/\/agora.xtec.cat\/esc-teresabergada\/wp-content\/uploads\/usu1533\/2025\/01\/1737376115665-1-768x576.jpg 768w, https:\/\/agora.xtec.cat\/esc-teresabergada\/wp-content\/uploads\/usu1533\/2025\/01\/1737376115665-1-1536x1152.jpg 1536w, https:\/\/agora.xtec.cat\/esc-teresabergada\/wp-content\/uploads\/usu1533\/2025\/01\/1737376115665-1-2048x1536.jpg 2048w, https:\/\/agora.xtec.cat\/esc-teresabergada\/wp-content\/uploads\/usu1533\/2025\/01\/1737376115665-1-200x150.jpg 200w\" sizes=\"auto, (max-width: 239px) 100vw, 239px\" \/><\/a> \u00a0<img loading=\"lazy\" decoding=\"async\" class=\"alignnone wp-image-12359\" src=\"https:\/\/agora.xtec.cat\/esc-teresabergada\/wp-content\/uploads\/usu1533\/2025\/01\/1729950588923-min-1024x768.jpg\" alt=\"\" width=\"241\" height=\"181\" srcset=\"https:\/\/agora.xtec.cat\/esc-teresabergada\/wp-content\/uploads\/usu1533\/2025\/01\/1729950588923-min-1024x768.jpg 1024w, https:\/\/agora.xtec.cat\/esc-teresabergada\/wp-content\/uploads\/usu1533\/2025\/01\/1729950588923-min-300x225.jpg 300w, https:\/\/agora.xtec.cat\/esc-teresabergada\/wp-content\/uploads\/usu1533\/2025\/01\/1729950588923-min-768x576.jpg 768w, https:\/\/agora.xtec.cat\/esc-teresabergada\/wp-content\/uploads\/usu1533\/2025\/01\/1729950588923-min-1536x1152.jpg 1536w, https:\/\/agora.xtec.cat\/esc-teresabergada\/wp-content\/uploads\/usu1533\/2025\/01\/1729950588923-min-2048x1536.jpg 2048w, https:\/\/agora.xtec.cat\/esc-teresabergada\/wp-content\/uploads\/usu1533\/2025\/01\/1729950588923-min-200x150.jpg 200w\" sizes=\"auto, (max-width: 241px) 100vw, 241px\" \/>\u00a0 <a href=\"https:\/\/agora.xtec.cat\/esc-teresabergada\/wp-content\/uploads\/usu1533\/2025\/01\/IMG_2223-1-scaled.jpg\"><img loading=\"lazy\" decoding=\"async\" class=\"alignnone wp-image-12361\" src=\"https:\/\/agora.xtec.cat\/esc-teresabergada\/wp-content\/uploads\/usu1533\/2025\/01\/IMG_2223-1-1024x768.jpg\" alt=\"\" width=\"240\" height=\"180\" srcset=\"https:\/\/agora.xtec.cat\/esc-teresabergada\/wp-content\/uploads\/usu1533\/2025\/01\/IMG_2223-1-1024x768.jpg 1024w, https:\/\/agora.xtec.cat\/esc-teresabergada\/wp-content\/uploads\/usu1533\/2025\/01\/IMG_2223-1-300x225.jpg 300w, https:\/\/agora.xtec.cat\/esc-teresabergada\/wp-content\/uploads\/usu1533\/2025\/01\/IMG_2223-1-768x576.jpg 768w, https:\/\/agora.xtec.cat\/esc-teresabergada\/wp-content\/uploads\/usu1533\/2025\/01\/IMG_2223-1-1536x1152.jpg 1536w, https:\/\/agora.xtec.cat\/esc-teresabergada\/wp-content\/uploads\/usu1533\/2025\/01\/IMG_2223-1-2048x1536.jpg 2048w, https:\/\/agora.xtec.cat\/esc-teresabergada\/wp-content\/uploads\/usu1533\/2025\/01\/IMG_2223-1-200x150.jpg 200w\" sizes=\"auto, (max-width: 240px) 100vw, 240px\" \/><\/a><\/p>\n<p>Properament, obrirem la instal\u00b7laci\u00f3 art\u00edstica a les fam\u00edlies de cicle superior, us hi esperem! \u2665<\/p>\n","protected":false},"excerpt":{"rendered":"<p>Aquest mes de gener l&#8217;alumnat de 5\u00e8 i 6\u00e8 hem finalitzat la primera roda de tallers d&#8217;art, lligats al projecte de medi: &#8220;els cinc regnes dels \u00e9ssers vius&#8221;.<br \/>\nVam iniciar-los a trav\u00e9s de la caixa d&#8217;autor de Mart\u00edn Az\u00faa, cedida per part del museu d&#8217;art La&hellip;  <a href=\"https:\/\/agora.xtec.cat\/esc-teresabergada\/blocs-de-primaria\/6e\/tallers-dart-a-cicle-superior\/\" title=\"Read TALLERS D&#8217;ART A CICLE SUPERIOR\">Llegeix m\u00e9s\u00bb<\/a><\/p>\n","protected":false},"author":28,"featured_media":12363,"comment_status":"open","ping_status":"closed","sticky":false,"template":"","format":"standard","meta":{"_bbp_topic_count":0,"_bbp_reply_count":0,"_bbp_total_topic_count":0,"_bbp_total_reply_count":0,"_bbp_voice_count":0,"_bbp_anonymous_reply_count":0,"_bbp_topic_count_hidden":0,"_bbp_reply_count_hidden":0,"_bbp_forum_subforum_count":0,"footnotes":""},"categories":[349,240],"tags":[],"class_list":["post-12347","post","type-post","status-publish","format-standard","has-post-thumbnail","hentry","category-5e","category-6e"],"post_mailing_queue_ids":[],"_links":{"self":[{"href":"https:\/\/agora.xtec.cat\/esc-teresabergada\/wp-json\/wp\/v2\/posts\/12347","targetHints":{"allow":["GET"]}}],"collection":[{"href":"https:\/\/agora.xtec.cat\/esc-teresabergada\/wp-json\/wp\/v2\/posts"}],"about":[{"href":"https:\/\/agora.xtec.cat\/esc-teresabergada\/wp-json\/wp\/v2\/types\/post"}],"author":[{"embeddable":true,"href":"https:\/\/agora.xtec.cat\/esc-teresabergada\/wp-json\/wp\/v2\/users\/28"}],"replies":[{"embeddable":true,"href":"https:\/\/agora.xtec.cat\/esc-teresabergada\/wp-json\/wp\/v2\/comments?post=12347"}],"version-history":[{"count":6,"href":"https:\/\/agora.xtec.cat\/esc-teresabergada\/wp-json\/wp\/v2\/posts\/12347\/revisions"}],"predecessor-version":[{"id":12369,"href":"https:\/\/agora.xtec.cat\/esc-teresabergada\/wp-json\/wp\/v2\/posts\/12347\/revisions\/12369"}],"wp:featuredmedia":[{"embeddable":true,"href":"https:\/\/agora.xtec.cat\/esc-teresabergada\/wp-json\/wp\/v2\/media\/12363"}],"wp:attachment":[{"href":"https:\/\/agora.xtec.cat\/esc-teresabergada\/wp-json\/wp\/v2\/media?parent=12347"}],"wp:term":[{"taxonomy":"category","embeddable":true,"href":"https:\/\/agora.xtec.cat\/esc-teresabergada\/wp-json\/wp\/v2\/categories?post=12347"},{"taxonomy":"post_tag","embeddable":true,"href":"https:\/\/agora.xtec.cat\/esc-teresabergada\/wp-json\/wp\/v2\/tags?post=12347"}],"curies":[{"name":"wp","href":"https:\/\/api.w.org\/{rel}","templated":true}]}}