{"id":12317,"date":"2025-01-17T08:35:09","date_gmt":"2025-01-17T07:35:09","guid":{"rendered":"https:\/\/agora.xtec.cat\/esc-teresabergada\/?p=12317"},"modified":"2025-01-17T08:35:09","modified_gmt":"2025-01-17T07:35:09","slug":"celebrem-sant-antoni","status":"publish","type":"post","link":"https:\/\/agora.xtec.cat\/esc-teresabergada\/portada\/celebrem-sant-antoni\/","title":{"rendered":"CELEBREM SANT ANTONI"},"content":{"rendered":"<p>Com ja \u00e9s tradici\u00f3 a la nostra escola, l&#8217;alumnat des d&#8217;I3 fins a 6\u00e8 hem dedicat un temps d&#8217;aula a la festivitat de sant Antoni. Us convidem a visitar l&#8217;exposici\u00f3 de treballs que es troben a l&#8217;ajuntament d&#8217;Alguaire durant el diumenge pel mat\u00ed. Abans per\u00f2 us en fem cinc c\u00e8ntims.<\/p>\n<p style=\"text-align: justify;\">Els\u00a0 nens i nenes d\u2019<strong>infantil<\/strong> hem escoltat el conte \u201cEls tres tombs\u201d. Aquest conte ens explica la celebraci\u00f3 d\u2019aquesta festa amb els emocionants tres tombs.\u00a0 Despr\u00e9s d\u2019aix\u00f2 cada infant ha pensat amb un animalet i l\u2019ha dibuixat.<\/p>\n<p style=\"text-align: justify;\">A partir del projecte del nostre poble i con\u00e8ixer l&#8217;autor Steven Wiltshire, a <strong>cicle inicial<\/strong> hem volgut representar el nostre poble fent un mural imitant el seu estil i posant una mica de la nostra creativitat. A m\u00e9s a m\u00e9s hem treballat el fang tot representant l&#8217;escut d&#8217;Alguaire.<\/p>\n<p style=\"text-align: justify;\">Els alumnes de <strong>cicle mitj\u00e0<\/strong>, aquest quadrimestre, estem realitzant les sessions d&#8217;art relacionades amb el projecte de Catalunya. Per aix\u00f2, estem treballant tres reconeguts artistes catalans: Joan Mir\u00f3, Salvador Dal\u00ed i Josep Guinovart. Inspirant-nos en les seves obres, i amb motiu de Sant Antoni, hem creat dibuixos d&#8217;animals representatius de cadascun: el gall de Mir\u00f3, el mussol de Guinovart i l&#8217;elefant de Dal\u00ed. Aquesta activitat ens ha perm\u00e8s con\u00e8ixer millor el seu estil i interpretar-lo d&#8217;una manera personal i creativa.<\/p>\n<p style=\"text-align: justify;\"><span style=\"font-weight: 400;\">Les noies i els nois de <strong>cicle superior<\/strong>, en un dels tallers d\u2019art d\u2019aquest primer trimestre, hem estat treballant Emily Robertson. Les viv\u00e8ncies de l\u2019artista en la vida de camp i l\u2019amor per la impressi\u00f3 de tall de lin\u00f3 han perm\u00e8s crear unes sessions d&#8217;art on el regne animal ha estat 100% el protagonista. L&#8217;activitat del taller ha consistit en dibuixar un animal proposat per l&#8217;Emily i posteriorment plasmar-ho en al lin\u00f3 i realitzar la t\u00e8cnica del carvat.<\/span><\/p>\n\r\n\t<div class=\"slideshow_container slideshow_container_style-light\" style=\"height: 300px; \" data-slideshow-id=\"12343\" data-style-name=\"style-light\" data-style-version=\"2.3.1\" >\r\n\r\n\t\t\t\t\t<div class=\"slideshow_loading_icon\"><\/div>\r\n\t\t\r\n\t\t<div class=\"slideshow_content\" style=\"display: none;\">\r\n\r\n\t\t\t<div class=\"slideshow_view\">\r\n\t\t\t\t<div class=\"slideshow_slide slideshow_slide_image\">\r\n\t\t\t\t\t\t\t\t\t\t\t<img src=\"https:\/\/agora.xtec.cat\/esc-teresabergada\/wp-content\/uploads\/usu1533\/2025\/01\/TALLER-cs-scaled.jpg\" alt=\"Alumnat CICLE SUPERIOR\" width=\"2560\" height=\"1988\" \/>\r\n\t\t\t\t\t\t\t\t\t\t<div class=\"slideshow_description_box slideshow_transparent\">\r\n\t\t\t\t\t\t<div class=\"slideshow_title\">Alumnat CICLE SUPERIOR<\/div>\t\t\t\t\t\t\t\t\t\t\t<\/div>\r\n\t\t\t\t<\/div>\r\n\r\n\t\t\t\t\t\t<div style=\"clear: both;\"><\/div><\/div><div class=\"slideshow_view\">\r\n\t\t\t\t<div class=\"slideshow_slide slideshow_slide_image\">\r\n\t\t\t\t\t\t\t\t\t\t\t<img src=\"https:\/\/agora.xtec.cat\/esc-teresabergada\/wp-content\/uploads\/usu1533\/2025\/01\/PHOTO-2025-01-16-12-06-46.jpg\" alt=\"Alumnat CICLE MITJ\u00c0\" width=\"2040\" height=\"1536\" \/>\r\n\t\t\t\t\t\t\t\t\t\t<div class=\"slideshow_description_box slideshow_transparent\">\r\n\t\t\t\t\t\t<div class=\"slideshow_title\">Alumnat CICLE MITJ\u00c0<\/div>\t\t\t\t\t\t\t\t\t\t\t<\/div>\r\n\t\t\t\t<\/div>\r\n\r\n\t\t\t\t\t\t<div style=\"clear: both;\"><\/div><\/div><div class=\"slideshow_view\">\r\n\t\t\t\t<div class=\"slideshow_slide slideshow_slide_image\">\r\n\t\t\t\t\t\t\t\t\t\t\t<img src=\"https:\/\/agora.xtec.cat\/esc-teresabergada\/wp-content\/uploads\/usu1533\/2025\/01\/cicle-inicial-article-SA-scaled.jpg\" alt=\"ALUMNAT CICLE INICIAL\" width=\"2560\" height=\"1928\" \/>\r\n\t\t\t\t\t\t\t\t\t\t<div class=\"slideshow_description_box slideshow_transparent\">\r\n\t\t\t\t\t\t<div class=\"slideshow_title\">ALUMNAT CICLE INICIAL<\/div>\t\t\t\t\t\t\t\t\t\t\t<\/div>\r\n\t\t\t\t<\/div>\r\n\r\n\t\t\t\t\t\t<div style=\"clear: both;\"><\/div><\/div><div class=\"slideshow_view\">\r\n\t\t\t\t<div class=\"slideshow_slide slideshow_slide_image\">\r\n\t\t\t\t\t\t\t\t\t\t\t<img src=\"https:\/\/agora.xtec.cat\/esc-teresabergada\/wp-content\/uploads\/usu1533\/2025\/01\/WhatsApp-Image-2025-01-15-at-14.56.12.jpeg\" alt=\"ALUMNAT EDUCACI\u00d3 INFANTIL\" width=\"1600\" height=\"1200\" \/>\r\n\t\t\t\t\t\t\t\t\t\t<div class=\"slideshow_description_box slideshow_transparent\">\r\n\t\t\t\t\t\t<div class=\"slideshow_title\">ALUMNAT EDUCACI\u00d3 INFANTIL<\/div>\t\t\t\t\t\t\t\t\t\t\t<\/div>\r\n\t\t\t\t<\/div>\r\n\r\n\t\t\t\t\t\t<div style=\"clear: both;\"><\/div><\/div>\r\n\t\t<\/div>\r\n\r\n\t\t<div class=\"slideshow_controlPanel slideshow_transparent\" style=\"display: none;\"><ul><li class=\"slideshow_togglePlay\" data-play-text=\"Visualitza\" data-pause-text=\"Pausa\"><\/li><\/ul><\/div>\r\n\r\n\t\t<div class=\"slideshow_button slideshow_previous slideshow_transparent\" role=\"button\" data-previous-text=\"Anterior\" style=\"display: none;\"><\/div>\r\n\t\t<div class=\"slideshow_button slideshow_next slideshow_transparent\" role=\"button\" data-next-text=\"Seg\u00fcent\" style=\"display: none;\"><\/div>\r\n\r\n\t\t<div class=\"slideshow_pagination\" style=\"display: none;\" data-go-to-text=\"V\u00e9s a la diapositiva\"><div class=\"slideshow_pagination_center\"><\/div><\/div>\r\n\r\n\t\t<!-- WordPress Slideshow Version 2.3.1 -->\r\n\r\n\t\t\t<\/div>\r\n\r\n\n<p><br style=\"font-weight: 400;\" \/><br style=\"font-weight: 400;\" \/><\/p>\n","protected":false},"excerpt":{"rendered":"<p>Com ja \u00e9s tradici\u00f3 a la nostra escola, l&#8217;alumnat des d&#8217;I3 fins a 6\u00e8 hem dedicat un temps d&#8217;aula a la festivitat de sant Antoni. Us convidem a visitar l&#8217;exposici\u00f3 de treballs que es troben a l&#8217;ajuntament d&#8217;Alguaire durant el diumenge pel mat\u00ed. Abans per\u00f2&hellip;  <a href=\"https:\/\/agora.xtec.cat\/esc-teresabergada\/portada\/celebrem-sant-antoni\/\" title=\"Read CELEBREM SANT ANTONI\">Llegeix m\u00e9s\u00bb<\/a><\/p>\n","protected":false},"author":1,"featured_media":12341,"comment_status":"open","ping_status":"closed","sticky":false,"template":"","format":"standard","meta":{"_bbp_topic_count":0,"_bbp_reply_count":0,"_bbp_total_topic_count":0,"_bbp_total_reply_count":0,"_bbp_voice_count":0,"_bbp_anonymous_reply_count":0,"_bbp_topic_count_hidden":0,"_bbp_reply_count_hidden":0,"_bbp_forum_subforum_count":0,"footnotes":""},"categories":[4],"tags":[],"class_list":["post-12317","post","type-post","status-publish","format-standard","has-post-thumbnail","hentry","category-portada"],"post_mailing_queue_ids":[],"_links":{"self":[{"href":"https:\/\/agora.xtec.cat\/esc-teresabergada\/wp-json\/wp\/v2\/posts\/12317","targetHints":{"allow":["GET"]}}],"collection":[{"href":"https:\/\/agora.xtec.cat\/esc-teresabergada\/wp-json\/wp\/v2\/posts"}],"about":[{"href":"https:\/\/agora.xtec.cat\/esc-teresabergada\/wp-json\/wp\/v2\/types\/post"}],"author":[{"embeddable":true,"href":"https:\/\/agora.xtec.cat\/esc-teresabergada\/wp-json\/wp\/v2\/users\/1"}],"replies":[{"embeddable":true,"href":"https:\/\/agora.xtec.cat\/esc-teresabergada\/wp-json\/wp\/v2\/comments?post=12317"}],"version-history":[{"count":6,"href":"https:\/\/agora.xtec.cat\/esc-teresabergada\/wp-json\/wp\/v2\/posts\/12317\/revisions"}],"predecessor-version":[{"id":12344,"href":"https:\/\/agora.xtec.cat\/esc-teresabergada\/wp-json\/wp\/v2\/posts\/12317\/revisions\/12344"}],"wp:featuredmedia":[{"embeddable":true,"href":"https:\/\/agora.xtec.cat\/esc-teresabergada\/wp-json\/wp\/v2\/media\/12341"}],"wp:attachment":[{"href":"https:\/\/agora.xtec.cat\/esc-teresabergada\/wp-json\/wp\/v2\/media?parent=12317"}],"wp:term":[{"taxonomy":"category","embeddable":true,"href":"https:\/\/agora.xtec.cat\/esc-teresabergada\/wp-json\/wp\/v2\/categories?post=12317"},{"taxonomy":"post_tag","embeddable":true,"href":"https:\/\/agora.xtec.cat\/esc-teresabergada\/wp-json\/wp\/v2\/tags?post=12317"}],"curies":[{"name":"wp","href":"https:\/\/api.w.org\/{rel}","templated":true}]}}