{"id":12300,"date":"2024-12-20T13:06:48","date_gmt":"2024-12-20T12:06:48","guid":{"rendered":"https:\/\/agora.xtec.cat\/esc-teresabergada\/?p=12300"},"modified":"2025-01-12T06:33:57","modified_gmt":"2025-01-12T05:33:57","slug":"bones-festes-2","status":"publish","type":"post","link":"https:\/\/agora.xtec.cat\/esc-teresabergada\/portada\/bones-festes-2\/","title":{"rendered":"BONES FESTES!"},"content":{"rendered":"<p>&nbsp;<\/p>\n<p><img loading=\"lazy\" decoding=\"async\" class=\"aligncenter wp-image-12299 size-full\" src=\"https:\/\/agora.xtec.cat\/esc-teresabergada\/wp-content\/uploads\/usu1533\/2024\/12\/felicitacio-de-nadal-2024-bloc.jpg\" alt=\"\" width=\"851\" height=\"315\" srcset=\"https:\/\/agora.xtec.cat\/esc-teresabergada\/wp-content\/uploads\/usu1533\/2024\/12\/felicitacio-de-nadal-2024-bloc.jpg 851w, https:\/\/agora.xtec.cat\/esc-teresabergada\/wp-content\/uploads\/usu1533\/2024\/12\/felicitacio-de-nadal-2024-bloc-300x111.jpg 300w, https:\/\/agora.xtec.cat\/esc-teresabergada\/wp-content\/uploads\/usu1533\/2024\/12\/felicitacio-de-nadal-2024-bloc-768x284.jpg 768w\" sizes=\"auto, (max-width: 851px) 100vw, 851px\" \/><\/p>\n<div class=\"flex max-w-full flex-col flex-grow\">\n<div class=\"min-h-8 text-message flex w-full flex-col items-end gap-2 whitespace-normal break-words text-start [.text-message+&amp;]:mt-5\" dir=\"auto\" data-message-author-role=\"assistant\" data-message-id=\"05914fdc-c264-4a48-b910-478ffb40152d\" data-message-model-slug=\"gpt-4o\">\n<div class=\"flex w-full flex-col gap-1 empty:hidden first:pt-[3px]\">\n<div class=\"markdown prose w-full break-words dark:prose-invert light\">\n<p style=\"text-align: justify;\">Aquest desembre, l\u2019escola ha tornat a omplir-se de m\u00e0gia amb el nostre esperat <strong>Festival de Nadal<\/strong>. Un any m\u00e9s, l\u2019alumnat ha estat el gran protagonista d\u2019una celebraci\u00f3 plena de m\u00fasica. Les actuacions han estat magn\u00edfiques! Cada grup, des dels m\u00e9s petits fins als m\u00e9s grans, ha preparat amb molta il\u00b7lusi\u00f3 un repertori de nadales que han fet vibrar a tothom. Can\u00e7ons tradicionals, temes m\u00e9s actuals i fins i tot alguna sorpresa especial han omplert el nostre escenari amb melodies que ens recorden la import\u00e0ncia de compartir aquests moments tan especials.<\/p>\n<p style=\"text-align: justify;\">Aprofitem per desitjar-vos unes bones festes i que aquests dies us permetin gaudir de moments \u00fanics en fam\u00edlia i amb les persones que m\u00e9s estimeu.<\/p>\n<p style=\"text-align: justify;\">Us esperem al gener amb energies renovades i moltes ganes d\u2019encarar nous reptes junts!<\/p>\n<\/div>\n<\/div>\n<\/div>\n<\/div>\n","protected":false},"excerpt":{"rendered":"<p>&nbsp;<\/p>\n<p>Aquest desembre, l\u2019escola ha tornat a omplir-se de m\u00e0gia amb el nostre esperat Festival de Nadal. Un any m\u00e9s, l\u2019alumnat ha estat el gran protagonista d\u2019una celebraci\u00f3 plena de m\u00fasica. Les actuacions han estat magn\u00edfiques! Cada grup, des dels m\u00e9s petits fins als m\u00e9s grans,&hellip;  <a href=\"https:\/\/agora.xtec.cat\/esc-teresabergada\/portada\/bones-festes-2\/\" title=\"Read BONES FESTES!\">Llegeix m\u00e9s\u00bb<\/a><\/p>\n","protected":false},"author":1,"featured_media":12299,"comment_status":"open","ping_status":"closed","sticky":false,"template":"","format":"standard","meta":{"_bbp_topic_count":0,"_bbp_reply_count":0,"_bbp_total_topic_count":0,"_bbp_total_reply_count":0,"_bbp_voice_count":0,"_bbp_anonymous_reply_count":0,"_bbp_topic_count_hidden":0,"_bbp_reply_count_hidden":0,"_bbp_forum_subforum_count":0,"footnotes":""},"categories":[4],"tags":[],"class_list":["post-12300","post","type-post","status-publish","format-standard","has-post-thumbnail","hentry","category-portada"],"post_mailing_queue_ids":[],"_links":{"self":[{"href":"https:\/\/agora.xtec.cat\/esc-teresabergada\/wp-json\/wp\/v2\/posts\/12300","targetHints":{"allow":["GET"]}}],"collection":[{"href":"https:\/\/agora.xtec.cat\/esc-teresabergada\/wp-json\/wp\/v2\/posts"}],"about":[{"href":"https:\/\/agora.xtec.cat\/esc-teresabergada\/wp-json\/wp\/v2\/types\/post"}],"author":[{"embeddable":true,"href":"https:\/\/agora.xtec.cat\/esc-teresabergada\/wp-json\/wp\/v2\/users\/1"}],"replies":[{"embeddable":true,"href":"https:\/\/agora.xtec.cat\/esc-teresabergada\/wp-json\/wp\/v2\/comments?post=12300"}],"version-history":[{"count":2,"href":"https:\/\/agora.xtec.cat\/esc-teresabergada\/wp-json\/wp\/v2\/posts\/12300\/revisions"}],"predecessor-version":[{"id":12308,"href":"https:\/\/agora.xtec.cat\/esc-teresabergada\/wp-json\/wp\/v2\/posts\/12300\/revisions\/12308"}],"wp:featuredmedia":[{"embeddable":true,"href":"https:\/\/agora.xtec.cat\/esc-teresabergada\/wp-json\/wp\/v2\/media\/12299"}],"wp:attachment":[{"href":"https:\/\/agora.xtec.cat\/esc-teresabergada\/wp-json\/wp\/v2\/media?parent=12300"}],"wp:term":[{"taxonomy":"category","embeddable":true,"href":"https:\/\/agora.xtec.cat\/esc-teresabergada\/wp-json\/wp\/v2\/categories?post=12300"},{"taxonomy":"post_tag","embeddable":true,"href":"https:\/\/agora.xtec.cat\/esc-teresabergada\/wp-json\/wp\/v2\/tags?post=12300"}],"curies":[{"name":"wp","href":"https:\/\/api.w.org\/{rel}","templated":true}]}}