{"id":12293,"date":"2024-12-16T16:41:40","date_gmt":"2024-12-16T15:41:40","guid":{"rendered":"https:\/\/agora.xtec.cat\/esc-teresabergada\/?p=12293"},"modified":"2024-12-19T09:47:00","modified_gmt":"2024-12-19T08:47:00","slug":"ja-ha-arribat-el-nadal","status":"publish","type":"post","link":"https:\/\/agora.xtec.cat\/esc-teresabergada\/general\/ja-ha-arribat-el-nadal\/","title":{"rendered":"JA HA ARRIBAT EL NADAL!"},"content":{"rendered":"<p>Amb l\u2019arribada del desembre, les aules d&#8217;infantil <a href=\"https:\/\/agora.xtec.cat\/esc-teresabergada\/wp-content\/uploads\/usu1533\/2024\/12\/IMG_6056-1.heic\"><img decoding=\"async\" class=\"alignnone size-full wp-image-12294\" src=\"https:\/\/agora.xtec.cat\/esc-teresabergada\/wp-content\/uploads\/usu1533\/2024\/12\/IMG_6056-1.heic\" alt=\"\" \/><\/a>s\u2019han omplert de <strong>m\u00e0gia nadalenca<\/strong>. Els nens i nenes estan emocionats per celebrar les festes, i nosaltres tamb\u00e9!<\/p>\n<p>Hem treballat molt i hem fet activitats com decorar arbres de Nadal, guarnir l&#8217;aula amb estrelles i garlandes, a m\u00e9s de manualitats amb materials reciclats i felicitacions personalitzades. Tamb\u00e9 hem preparat nadales per a les fam\u00edlies i hem rebut la visita d&#8217;alg\u00fa molt esperat&#8230; <strong>la soca!<\/strong><\/p>\n<p>Aquest trimestre ha estat molt especial, hem apr\u00e8s moltes coses a trav\u00e9s de jocs, can\u00e7ons i hist\u00f2ries, i hem creat vincles forts dins de l\u2019aula. Els infants han mostrat molta creativitat i ganes de compartir. <em>Volem desitjar unes bones festes a tothom, plenes d&#8217;amor i moments per compartir amb els \u00e9ssers estimats<\/em>.<\/p>\n<p>Ens retrobarem al gener amb m\u00e9s il\u00b7lusi\u00f3 per continuar<a href=\"https:\/\/agora.xtec.cat\/esc-teresabergada\/wp-content\/uploads\/usu1533\/2024\/12\/IMG_6056-1.heic\"><img decoding=\"async\" class=\"alignnone size-full wp-image-12294\" src=\"https:\/\/agora.xtec.cat\/esc-teresabergada\/wp-content\/uploads\/usu1533\/2024\/12\/IMG_6056-1.heic\" alt=\"\" \/><\/a> aprenent junts!<\/p>\n<p><a href=\"https:\/\/agora.xtec.cat\/esc-teresabergada\/wp-content\/uploads\/usu1533\/2024\/12\/WhatsApp-Image-2024-12-16-at-15.54.21.jpeg\"><img loading=\"lazy\" decoding=\"async\" class=\" wp-image-12295 aligncenter\" src=\"https:\/\/agora.xtec.cat\/esc-teresabergada\/wp-content\/uploads\/usu1533\/2024\/12\/WhatsApp-Image-2024-12-16-at-15.54.21-768x1024.jpeg\" alt=\"\" width=\"371\" height=\"495\" srcset=\"https:\/\/agora.xtec.cat\/esc-teresabergada\/wp-content\/uploads\/usu1533\/2024\/12\/WhatsApp-Image-2024-12-16-at-15.54.21-768x1024.jpeg 768w, https:\/\/agora.xtec.cat\/esc-teresabergada\/wp-content\/uploads\/usu1533\/2024\/12\/WhatsApp-Image-2024-12-16-at-15.54.21-225x300.jpeg 225w, https:\/\/agora.xtec.cat\/esc-teresabergada\/wp-content\/uploads\/usu1533\/2024\/12\/WhatsApp-Image-2024-12-16-at-15.54.21-1152x1536.jpeg 1152w, https:\/\/agora.xtec.cat\/esc-teresabergada\/wp-content\/uploads\/usu1533\/2024\/12\/WhatsApp-Image-2024-12-16-at-15.54.21.jpeg 1536w\" sizes=\"auto, (max-width: 371px) 100vw, 371px\" \/><\/a><\/p>\n","protected":false},"excerpt":{"rendered":"<p>Amb l\u2019arribada del desembre, les aules d&#8217;infantil <a href=\"https:\/\/agora.xtec.cat\/esc-teresabergada\/wp-content\/uploads\/usu1533\/2024\/12\/IMG_6056-1.heic\"><\/a>s\u2019han omplert de m\u00e0gia nadalenca. Els nens i nenes estan emocionats per celebrar les festes, i nosaltres tamb\u00e9!<br \/>\nHem treballat molt i hem fet activitats com decorar arbres de Nadal, guarnir l&#8217;aula amb estrelles i garlandes, a m\u00e9s&hellip;  <a href=\"https:\/\/agora.xtec.cat\/esc-teresabergada\/general\/ja-ha-arribat-el-nadal\/\" title=\"Read JA HA ARRIBAT EL NADAL!\">Llegeix m\u00e9s\u00bb<\/a><\/p>\n","protected":false},"author":78,"featured_media":12295,"comment_status":"open","ping_status":"closed","sticky":false,"template":"","format":"standard","meta":{"_bbp_topic_count":0,"_bbp_reply_count":0,"_bbp_total_topic_count":0,"_bbp_total_reply_count":0,"_bbp_voice_count":0,"_bbp_anonymous_reply_count":0,"_bbp_topic_count_hidden":0,"_bbp_reply_count_hidden":0,"_bbp_forum_subforum_count":0,"footnotes":""},"categories":[1,515,236,251,2],"tags":[77,658,191,71],"class_list":["post-12293","post","type-post","status-publish","format-standard","has-post-thumbnail","hentry","category-general","category-i3","category-i4","category-i5","category-infantil","tag-escola","tag-final-de-trimestre","tag-infantil","tag-nadal"],"post_mailing_queue_ids":[],"_links":{"self":[{"href":"https:\/\/agora.xtec.cat\/esc-teresabergada\/wp-json\/wp\/v2\/posts\/12293","targetHints":{"allow":["GET"]}}],"collection":[{"href":"https:\/\/agora.xtec.cat\/esc-teresabergada\/wp-json\/wp\/v2\/posts"}],"about":[{"href":"https:\/\/agora.xtec.cat\/esc-teresabergada\/wp-json\/wp\/v2\/types\/post"}],"author":[{"embeddable":true,"href":"https:\/\/agora.xtec.cat\/esc-teresabergada\/wp-json\/wp\/v2\/users\/78"}],"replies":[{"embeddable":true,"href":"https:\/\/agora.xtec.cat\/esc-teresabergada\/wp-json\/wp\/v2\/comments?post=12293"}],"version-history":[{"count":3,"href":"https:\/\/agora.xtec.cat\/esc-teresabergada\/wp-json\/wp\/v2\/posts\/12293\/revisions"}],"predecessor-version":[{"id":12307,"href":"https:\/\/agora.xtec.cat\/esc-teresabergada\/wp-json\/wp\/v2\/posts\/12293\/revisions\/12307"}],"wp:featuredmedia":[{"embeddable":true,"href":"https:\/\/agora.xtec.cat\/esc-teresabergada\/wp-json\/wp\/v2\/media\/12295"}],"wp:attachment":[{"href":"https:\/\/agora.xtec.cat\/esc-teresabergada\/wp-json\/wp\/v2\/media?parent=12293"}],"wp:term":[{"taxonomy":"category","embeddable":true,"href":"https:\/\/agora.xtec.cat\/esc-teresabergada\/wp-json\/wp\/v2\/categories?post=12293"},{"taxonomy":"post_tag","embeddable":true,"href":"https:\/\/agora.xtec.cat\/esc-teresabergada\/wp-json\/wp\/v2\/tags?post=12293"}],"curies":[{"name":"wp","href":"https:\/\/api.w.org\/{rel}","templated":true}]}}