{"id":12290,"date":"2024-12-16T12:45:41","date_gmt":"2024-12-16T11:45:41","guid":{"rendered":"https:\/\/agora.xtec.cat\/esc-teresabergada\/?p=12290"},"modified":"2024-12-16T12:45:41","modified_gmt":"2024-12-16T11:45:41","slug":"descobrim-la-cantania-daquest-any","status":"publish","type":"post","link":"https:\/\/agora.xtec.cat\/esc-teresabergada\/portada\/descobrim-la-cantania-daquest-any\/","title":{"rendered":"Descobrim la Cant\u00e0nia d\u2019aquest any"},"content":{"rendered":"<p>Els alumnes de quart estem molt emocionats perqu\u00e8 per fi ha arribat el nostre moment de participar a Cant\u00e0nia. Per aquells que encara no la conegueu, Cant\u00e0nia \u00e9s un projecte educatiu on milers d\u2019alumnes d\u2019arreu de Catalunya s\u2019uneixen pera \u00a0interpretar una cantata. El projecte fomenta el treball en equip, la creativitat i, sobretot, l\u2019amor per la m\u00fasica.<\/p>\n<p>Aquest any, com ja comen\u00e7a a ser un cl\u00e0ssic, hem organitzat una s\u00e8rie de proves i activitats que ens han ajudat a desvetllar el dia, l\u2019hora i el lloc on realitzarem la cantata, aix\u00ed com el t\u00edtol i els seus protagonistes. Cada pista ens ha apropat una mica m\u00e9s a aquest emocionant esdeveniment.<\/p>\n<p>La cantata d\u2019aquest any, titulada \u201cReal\u201d, t\u00e9 com a protagonistes l\u2019Ernest i la Vera, dos germans que ens guiaran en aquesta gran experi\u00e8ncia. El gran esdeveniment tindr\u00e0 lloc el 27 de maig a les 16.30 a l\u2019auditori de Barcelona.<\/p>\n","protected":false},"excerpt":{"rendered":"<p>Els alumnes de quart estem molt emocionats perqu\u00e8 per fi ha arribat el nostre moment de participar a Cant\u00e0nia. Per aquells que encara no la conegueu, Cant\u00e0nia \u00e9s un projecte educatiu on milers d\u2019alumnes d\u2019arreu de Catalunya s\u2019uneixen pera \u00a0interpretar una cantata. El projecte fomenta&hellip;  <a href=\"https:\/\/agora.xtec.cat\/esc-teresabergada\/portada\/descobrim-la-cantania-daquest-any\/\" title=\"Read Descobrim la Cant\u00e0nia d\u2019aquest any\">Llegeix m\u00e9s\u00bb<\/a><\/p>\n","protected":false},"author":60,"featured_media":12291,"comment_status":"open","ping_status":"closed","sticky":false,"template":"","format":"standard","meta":{"_bbp_topic_count":0,"_bbp_reply_count":0,"_bbp_total_topic_count":0,"_bbp_total_reply_count":0,"_bbp_voice_count":0,"_bbp_anonymous_reply_count":0,"_bbp_topic_count_hidden":0,"_bbp_reply_count_hidden":0,"_bbp_forum_subforum_count":0,"footnotes":""},"categories":[250,104,4],"tags":[],"class_list":["post-12290","post","type-post","status-publish","format-standard","has-post-thumbnail","hentry","category-4t","category-musica","category-portada"],"post_mailing_queue_ids":[],"_links":{"self":[{"href":"https:\/\/agora.xtec.cat\/esc-teresabergada\/wp-json\/wp\/v2\/posts\/12290","targetHints":{"allow":["GET"]}}],"collection":[{"href":"https:\/\/agora.xtec.cat\/esc-teresabergada\/wp-json\/wp\/v2\/posts"}],"about":[{"href":"https:\/\/agora.xtec.cat\/esc-teresabergada\/wp-json\/wp\/v2\/types\/post"}],"author":[{"embeddable":true,"href":"https:\/\/agora.xtec.cat\/esc-teresabergada\/wp-json\/wp\/v2\/users\/60"}],"replies":[{"embeddable":true,"href":"https:\/\/agora.xtec.cat\/esc-teresabergada\/wp-json\/wp\/v2\/comments?post=12290"}],"version-history":[{"count":1,"href":"https:\/\/agora.xtec.cat\/esc-teresabergada\/wp-json\/wp\/v2\/posts\/12290\/revisions"}],"predecessor-version":[{"id":12292,"href":"https:\/\/agora.xtec.cat\/esc-teresabergada\/wp-json\/wp\/v2\/posts\/12290\/revisions\/12292"}],"wp:featuredmedia":[{"embeddable":true,"href":"https:\/\/agora.xtec.cat\/esc-teresabergada\/wp-json\/wp\/v2\/media\/12291"}],"wp:attachment":[{"href":"https:\/\/agora.xtec.cat\/esc-teresabergada\/wp-json\/wp\/v2\/media?parent=12290"}],"wp:term":[{"taxonomy":"category","embeddable":true,"href":"https:\/\/agora.xtec.cat\/esc-teresabergada\/wp-json\/wp\/v2\/categories?post=12290"},{"taxonomy":"post_tag","embeddable":true,"href":"https:\/\/agora.xtec.cat\/esc-teresabergada\/wp-json\/wp\/v2\/tags?post=12290"}],"curies":[{"name":"wp","href":"https:\/\/api.w.org\/{rel}","templated":true}]}}