{"id":12275,"date":"2024-11-28T13:29:06","date_gmt":"2024-11-28T12:29:06","guid":{"rendered":"https:\/\/agora.xtec.cat\/esc-teresabergada\/?p=12275"},"modified":"2024-11-28T13:29:06","modified_gmt":"2024-11-28T12:29:06","slug":"el-nostre-poble-amb-mirada-dartista","status":"publish","type":"post","link":"https:\/\/agora.xtec.cat\/esc-teresabergada\/blocs-de-primaria\/2n\/el-nostre-poble-amb-mirada-dartista\/","title":{"rendered":"El nostre poble amb mirada d\u2019artista"},"content":{"rendered":"<p>Durant aquest trimestre l\u2019alumnat de cicle inicial estem treballant l\u2019autor Steven Wiltshire i tamb\u00e9 el projecte del poble. Per unir les dues \u00e0rees, en els tallers d\u2019art hem dibuixat les fa\u00e7anes de cadasc\u00fa i les hem representat en un mural al nostre passad\u00eds.<\/p>\n<p><span style=\"font-family: inherit;font-size: 1em\">No ens hem oblidat dels espais m\u00e9s importants del nostre poble, que tamb\u00e9 hem dibuixat i incorporat al mural.<\/span><\/p>\n<p>Estem conven\u00e7uts que ens quedar\u00e0 d\u2019all\u00f2 m\u00e9s b\u00e9!<\/p>\n","protected":false},"excerpt":{"rendered":"<p>Durant aquest trimestre l\u2019alumnat de cicle inicial estem treballant l\u2019autor Steven Wiltshire i tamb\u00e9 el projecte del poble. Per unir les dues \u00e0rees, en els tallers d\u2019art hem dibuixat les fa\u00e7anes de cadasc\u00fa i les hem representat en un mural al nostre passad\u00eds.<br \/>\nNo ens hem&hellip;  <a href=\"https:\/\/agora.xtec.cat\/esc-teresabergada\/blocs-de-primaria\/2n\/el-nostre-poble-amb-mirada-dartista\/\" title=\"Read El nostre poble amb mirada d\u2019artista\">Llegeix m\u00e9s\u00bb<\/a><\/p>\n","protected":false},"author":16,"featured_media":12277,"comment_status":"open","ping_status":"closed","sticky":false,"template":"","format":"standard","meta":{"_bbp_topic_count":0,"_bbp_reply_count":0,"_bbp_total_topic_count":0,"_bbp_total_reply_count":0,"_bbp_voice_count":0,"_bbp_anonymous_reply_count":0,"_bbp_topic_count_hidden":0,"_bbp_reply_count_hidden":0,"_bbp_forum_subforum_count":0,"footnotes":""},"categories":[348,153,656],"tags":[244,657,181,618],"class_list":["post-12275","post","type-post","status-publish","format-standard","has-post-thumbnail","hentry","category-1r","category-2n","category-blocs-de-primaria","tag-art","tag-cases","tag-el-poble","tag-projecte-medi"],"post_mailing_queue_ids":[],"_links":{"self":[{"href":"https:\/\/agora.xtec.cat\/esc-teresabergada\/wp-json\/wp\/v2\/posts\/12275","targetHints":{"allow":["GET"]}}],"collection":[{"href":"https:\/\/agora.xtec.cat\/esc-teresabergada\/wp-json\/wp\/v2\/posts"}],"about":[{"href":"https:\/\/agora.xtec.cat\/esc-teresabergada\/wp-json\/wp\/v2\/types\/post"}],"author":[{"embeddable":true,"href":"https:\/\/agora.xtec.cat\/esc-teresabergada\/wp-json\/wp\/v2\/users\/16"}],"replies":[{"embeddable":true,"href":"https:\/\/agora.xtec.cat\/esc-teresabergada\/wp-json\/wp\/v2\/comments?post=12275"}],"version-history":[{"count":1,"href":"https:\/\/agora.xtec.cat\/esc-teresabergada\/wp-json\/wp\/v2\/posts\/12275\/revisions"}],"predecessor-version":[{"id":12279,"href":"https:\/\/agora.xtec.cat\/esc-teresabergada\/wp-json\/wp\/v2\/posts\/12275\/revisions\/12279"}],"wp:featuredmedia":[{"embeddable":true,"href":"https:\/\/agora.xtec.cat\/esc-teresabergada\/wp-json\/wp\/v2\/media\/12277"}],"wp:attachment":[{"href":"https:\/\/agora.xtec.cat\/esc-teresabergada\/wp-json\/wp\/v2\/media?parent=12275"}],"wp:term":[{"taxonomy":"category","embeddable":true,"href":"https:\/\/agora.xtec.cat\/esc-teresabergada\/wp-json\/wp\/v2\/categories?post=12275"},{"taxonomy":"post_tag","embeddable":true,"href":"https:\/\/agora.xtec.cat\/esc-teresabergada\/wp-json\/wp\/v2\/tags?post=12275"}],"curies":[{"name":"wp","href":"https:\/\/api.w.org\/{rel}","templated":true}]}}