{"id":12254,"date":"2024-11-18T12:11:41","date_gmt":"2024-11-18T11:11:41","guid":{"rendered":"https:\/\/agora.xtec.cat\/esc-teresabergada\/?p=12254"},"modified":"2024-11-18T12:11:41","modified_gmt":"2024-11-18T11:11:41","slug":"danses-de-tardor-2","status":"publish","type":"post","link":"https:\/\/agora.xtec.cat\/esc-teresabergada\/infantil\/danses-de-tardor-2\/","title":{"rendered":"DANSES DE TARDOR"},"content":{"rendered":"<p dir=\"ltr\" style=\"text-align: justify;\">Durant aquest \u00faltim mes, l&#8217;alumnat dels diferents cursos d&#8217;infantil i prim\u00e0ria ha estat immers en un projecte de danses tradicionals catalanes. Cada grup ha dedicat temps i esfor\u00e7 a aprendre i perfeccionar balls t\u00edpics. Durant les classes, s&#8217;han barrejat l&#8217;aprenentatge de ritmes tradicionals, la coordinaci\u00f3 en grup i el treball en equip, tot dins d&#8217;una atmosfera de diversi\u00f3 i descoberta.<\/p>\n<p dir=\"ltr\" style=\"text-align: justify;\">Aquesta activitat no nom\u00e9s refor\u00e7a el vincle amb la nostra cultura i les nostres tradicions, sin\u00f3 que tamb\u00e9 fomenta valors com el respecte per la diversitat i la col\u00b7laboraci\u00f3 entre companys.<\/p>\n<p dir=\"ltr\" style=\"text-align: justify;\">Divendres passat l\u2019alumnat va tenir l&#8217;oportunitat de demostrar el seu ball davant dels pares, mares i altres familiars. Va ser una jornada plena de m\u00fasica, tradicions i germanor, on els nens i nenes van compartir el que han apr\u00e8s amb tot l\u2019afecte i entusiasme que han posat en aquest projecte.<\/p>\n<p dir=\"ltr\"><img loading=\"lazy\" decoding=\"async\" class=\"aligncenter size-medium wp-image-12256\" src=\"https:\/\/agora.xtec.cat\/esc-teresabergada\/wp-content\/uploads\/usu1533\/2024\/11\/IMG_3889-1-300x225.jpg\" alt=\"\" width=\"300\" height=\"225\" srcset=\"https:\/\/agora.xtec.cat\/esc-teresabergada\/wp-content\/uploads\/usu1533\/2024\/11\/IMG_3889-1-300x225.jpg 300w, https:\/\/agora.xtec.cat\/esc-teresabergada\/wp-content\/uploads\/usu1533\/2024\/11\/IMG_3889-1-1024x768.jpg 1024w, https:\/\/agora.xtec.cat\/esc-teresabergada\/wp-content\/uploads\/usu1533\/2024\/11\/IMG_3889-1-768x576.jpg 768w, https:\/\/agora.xtec.cat\/esc-teresabergada\/wp-content\/uploads\/usu1533\/2024\/11\/IMG_3889-1-1536x1152.jpg 1536w, https:\/\/agora.xtec.cat\/esc-teresabergada\/wp-content\/uploads\/usu1533\/2024\/11\/IMG_3889-1-2048x1536.jpg 2048w, https:\/\/agora.xtec.cat\/esc-teresabergada\/wp-content\/uploads\/usu1533\/2024\/11\/IMG_3889-1-200x150.jpg 200w\" sizes=\"auto, (max-width: 300px) 100vw, 300px\" \/><\/p>\n","protected":false},"excerpt":{"rendered":"<p>Durant aquest \u00faltim mes, l&#8217;alumnat dels diferents cursos d&#8217;infantil i prim\u00e0ria ha estat immers en un projecte de danses tradicionals catalanes. Cada grup ha dedicat temps i esfor\u00e7 a aprendre i perfeccionar balls t\u00edpics. Durant les classes, s&#8217;han barrejat l&#8217;aprenentatge de ritmes tradicionals, la coordinaci\u00f3&hellip;  <a href=\"https:\/\/agora.xtec.cat\/esc-teresabergada\/infantil\/danses-de-tardor-2\/\" title=\"Read DANSES DE TARDOR\">Llegeix m\u00e9s\u00bb<\/a><\/p>\n","protected":false},"author":68,"featured_media":12256,"comment_status":"open","ping_status":"closed","sticky":false,"template":"","format":"standard","meta":{"_bbp_topic_count":0,"_bbp_reply_count":0,"_bbp_total_topic_count":0,"_bbp_total_reply_count":0,"_bbp_voice_count":0,"_bbp_anonymous_reply_count":0,"_bbp_topic_count_hidden":0,"_bbp_reply_count_hidden":0,"_bbp_forum_subforum_count":0,"footnotes":""},"categories":[656,109,2,4],"tags":[],"class_list":["post-12254","post","type-post","status-publish","format-standard","has-post-thumbnail","hentry","category-blocs-de-primaria","category-ed-fisica","category-infantil","category-portada"],"post_mailing_queue_ids":[],"_links":{"self":[{"href":"https:\/\/agora.xtec.cat\/esc-teresabergada\/wp-json\/wp\/v2\/posts\/12254","targetHints":{"allow":["GET"]}}],"collection":[{"href":"https:\/\/agora.xtec.cat\/esc-teresabergada\/wp-json\/wp\/v2\/posts"}],"about":[{"href":"https:\/\/agora.xtec.cat\/esc-teresabergada\/wp-json\/wp\/v2\/types\/post"}],"author":[{"embeddable":true,"href":"https:\/\/agora.xtec.cat\/esc-teresabergada\/wp-json\/wp\/v2\/users\/68"}],"replies":[{"embeddable":true,"href":"https:\/\/agora.xtec.cat\/esc-teresabergada\/wp-json\/wp\/v2\/comments?post=12254"}],"version-history":[{"count":2,"href":"https:\/\/agora.xtec.cat\/esc-teresabergada\/wp-json\/wp\/v2\/posts\/12254\/revisions"}],"predecessor-version":[{"id":12257,"href":"https:\/\/agora.xtec.cat\/esc-teresabergada\/wp-json\/wp\/v2\/posts\/12254\/revisions\/12257"}],"wp:featuredmedia":[{"embeddable":true,"href":"https:\/\/agora.xtec.cat\/esc-teresabergada\/wp-json\/wp\/v2\/media\/12256"}],"wp:attachment":[{"href":"https:\/\/agora.xtec.cat\/esc-teresabergada\/wp-json\/wp\/v2\/media?parent=12254"}],"wp:term":[{"taxonomy":"category","embeddable":true,"href":"https:\/\/agora.xtec.cat\/esc-teresabergada\/wp-json\/wp\/v2\/categories?post=12254"},{"taxonomy":"post_tag","embeddable":true,"href":"https:\/\/agora.xtec.cat\/esc-teresabergada\/wp-json\/wp\/v2\/tags?post=12254"}],"curies":[{"name":"wp","href":"https:\/\/api.w.org\/{rel}","templated":true}]}}