{"id":12223,"date":"2024-10-25T13:12:12","date_gmt":"2024-10-25T11:12:12","guid":{"rendered":"https:\/\/agora.xtec.cat\/esc-teresabergada\/?p=12223"},"modified":"2024-10-25T13:12:12","modified_gmt":"2024-10-25T11:12:12","slug":"anem-al-sagrat-cor","status":"publish","type":"post","link":"https:\/\/agora.xtec.cat\/esc-teresabergada\/blocs-de-primaria\/2n\/anem-al-sagrat-cor\/","title":{"rendered":"ANEM AL SAGRAT COR"},"content":{"rendered":"<p>Sabeu que l&#8217;alumnat de cicle inicial tenim una missi\u00f3? Hem de con\u00e8ixer molt b\u00e9 el nostre poble, perqu\u00e8 els nostres ve\u00efns de la Portella ens han demanat que volen saber molt m\u00e9s dels pobles propers, i nosaltres primer ens n&#8217;hem d&#8217;informar molt b\u00e9. Per aix\u00f2 una de les primeres activitats que vam decidir de fer va ser una sortida al Sagrat cor.<\/p>\n<p>Ahir vam sortir de l&#8217;escola i amunt que fa pujada!<\/p>\n<p>Una vegada a dalt, vam poder gaudir d&#8217;unes vistes immillorables de tot el poble i la plana de Lleida, fins i tot vam veure La Portella!<\/p>\n<p>Per equips vam realitzar una activitat de cerca i vam anar identificant espais importants del nostre poble.<\/p>\n<p>Va estar una tarda molt divertida<\/p>\n","protected":false},"excerpt":{"rendered":"<p>Sabeu que l&#8217;alumnat de cicle inicial tenim una missi\u00f3? Hem de con\u00e8ixer molt b\u00e9 el nostre poble, perqu\u00e8 els nostres ve\u00efns de la Portella ens han demanat que volen saber molt m\u00e9s dels pobles propers, i nosaltres primer ens n&#8217;hem d&#8217;informar molt b\u00e9. Per aix\u00f2&hellip;  <a href=\"https:\/\/agora.xtec.cat\/esc-teresabergada\/blocs-de-primaria\/2n\/anem-al-sagrat-cor\/\" title=\"Read ANEM AL SAGRAT COR\">Llegeix m\u00e9s\u00bb<\/a><\/p>\n","protected":false},"author":16,"featured_media":12224,"comment_status":"open","ping_status":"closed","sticky":false,"template":"","format":"standard","meta":{"_bbp_topic_count":0,"_bbp_reply_count":0,"_bbp_total_topic_count":0,"_bbp_total_reply_count":0,"_bbp_voice_count":0,"_bbp_anonymous_reply_count":0,"_bbp_topic_count_hidden":0,"_bbp_reply_count_hidden":0,"_bbp_forum_subforum_count":0,"footnotes":""},"categories":[348,153],"tags":[359,135,627,172,70,655,123],"class_list":["post-12223","post","type-post","status-publish","format-standard","has-post-thumbnail","hentry","category-1r","category-2n","tag-alguaire","tag-cicle-inicial","tag-el-nostre-poble","tag-medi","tag-projecte","tag-sagrat-cor","tag-sortida"],"post_mailing_queue_ids":[],"_links":{"self":[{"href":"https:\/\/agora.xtec.cat\/esc-teresabergada\/wp-json\/wp\/v2\/posts\/12223","targetHints":{"allow":["GET"]}}],"collection":[{"href":"https:\/\/agora.xtec.cat\/esc-teresabergada\/wp-json\/wp\/v2\/posts"}],"about":[{"href":"https:\/\/agora.xtec.cat\/esc-teresabergada\/wp-json\/wp\/v2\/types\/post"}],"author":[{"embeddable":true,"href":"https:\/\/agora.xtec.cat\/esc-teresabergada\/wp-json\/wp\/v2\/users\/16"}],"replies":[{"embeddable":true,"href":"https:\/\/agora.xtec.cat\/esc-teresabergada\/wp-json\/wp\/v2\/comments?post=12223"}],"version-history":[{"count":1,"href":"https:\/\/agora.xtec.cat\/esc-teresabergada\/wp-json\/wp\/v2\/posts\/12223\/revisions"}],"predecessor-version":[{"id":12225,"href":"https:\/\/agora.xtec.cat\/esc-teresabergada\/wp-json\/wp\/v2\/posts\/12223\/revisions\/12225"}],"wp:featuredmedia":[{"embeddable":true,"href":"https:\/\/agora.xtec.cat\/esc-teresabergada\/wp-json\/wp\/v2\/media\/12224"}],"wp:attachment":[{"href":"https:\/\/agora.xtec.cat\/esc-teresabergada\/wp-json\/wp\/v2\/media?parent=12223"}],"wp:term":[{"taxonomy":"category","embeddable":true,"href":"https:\/\/agora.xtec.cat\/esc-teresabergada\/wp-json\/wp\/v2\/categories?post=12223"},{"taxonomy":"post_tag","embeddable":true,"href":"https:\/\/agora.xtec.cat\/esc-teresabergada\/wp-json\/wp\/v2\/tags?post=12223"}],"curies":[{"name":"wp","href":"https:\/\/api.w.org\/{rel}","templated":true}]}}