{"id":12221,"date":"2024-10-31T19:24:22","date_gmt":"2024-10-31T18:24:22","guid":{"rendered":"https:\/\/agora.xtec.cat\/esc-teresabergada\/?p=12221"},"modified":"2024-10-31T19:24:22","modified_gmt":"2024-10-31T18:24:22","slug":"tallers-de-tardor-3","status":"publish","type":"post","link":"https:\/\/agora.xtec.cat\/esc-teresabergada\/portada\/tallers-de-tardor-3\/","title":{"rendered":"TALLERS DE TARDOR"},"content":{"rendered":"<p style=\"text-align: justify;\"><span lang=\"CA\">Els nens i nenes d&#8217;educaci\u00f3 infantil hem fet<\/span> diferents propostes relacionades amb la tardor, organitzat-nos per internivell i gaudint de tres activitats:\u00a0 mandales ef\u00edmers amb diferents elements, decoraci\u00f3 de fulles de cart\u00f3 amb fils dels colors d&#8217;aquesta estaci\u00f3 i per \u00faltim la confecci\u00f3 d&#8217;un &#8220;patchwork&#8221; amb elements naturals.<\/p>\n<p>Aquest curs estem d&#8217;estrena! Padrins\/es i fillols\/es hem compartit l&#8217;estona de tallers de tardor, tot creant decoracions amb fulles i minimons de plastilina. Ha estat un mat\u00ed ben entretingut.<\/p>\n<p>Els alumnes de cicle mitj\u00e0 hem estat realitzant dos tallers art\u00edstics relacionats amb la tardor. En el primer, hem creat un pot de sal decoratiu amb tonalitats caracter\u00edstiques d&#8217;aquesta estaci\u00f3. En el segon taller, hem aplicat la t\u00e8cnica del puntillisme per pintar uns talls de tronc natural, que despr\u00e9s podrem utilitzar com a decoraci\u00f3.<\/p>\n<p><img loading=\"lazy\" decoding=\"async\" class=\"aligncenter wp-image-12230 size-medium\" src=\"https:\/\/agora.xtec.cat\/esc-teresabergada\/wp-content\/uploads\/usu1533\/2024\/10\/portada-2-3-2-e1730399024580-300x294.png\" alt=\"\" width=\"300\" height=\"294\" srcset=\"https:\/\/agora.xtec.cat\/esc-teresabergada\/wp-content\/uploads\/usu1533\/2024\/10\/portada-2-3-2-e1730399024580-300x294.png 300w, https:\/\/agora.xtec.cat\/esc-teresabergada\/wp-content\/uploads\/usu1533\/2024\/10\/portada-2-3-2-e1730399024580.png 753w\" sizes=\"auto, (max-width: 300px) 100vw, 300px\" \/><\/p>\n","protected":false},"excerpt":{"rendered":"<p>Els nens i nenes d&#8217;educaci\u00f3 infantil hem fet diferents propostes relacionades amb la tardor, organitzat-nos per internivell i gaudint de tres activitats:\u00a0 mandales ef\u00edmers amb diferents elements, decoraci\u00f3 de fulles de cart\u00f3 amb fils dels colors d&#8217;aquesta estaci\u00f3 i per \u00faltim la confecci\u00f3 d&#8217;un &#8220;patchwork&#8221;&hellip;  <a href=\"https:\/\/agora.xtec.cat\/esc-teresabergada\/portada\/tallers-de-tardor-3\/\" title=\"Read TALLERS DE TARDOR\">Llegeix m\u00e9s\u00bb<\/a><\/p>\n","protected":false},"author":1,"featured_media":12230,"comment_status":"open","ping_status":"closed","sticky":false,"template":"","format":"standard","meta":{"_bbp_topic_count":0,"_bbp_reply_count":0,"_bbp_total_topic_count":0,"_bbp_total_reply_count":0,"_bbp_voice_count":0,"_bbp_anonymous_reply_count":0,"_bbp_topic_count_hidden":0,"_bbp_reply_count_hidden":0,"_bbp_forum_subforum_count":0,"footnotes":""},"categories":[4],"tags":[],"class_list":["post-12221","post","type-post","status-publish","format-standard","has-post-thumbnail","hentry","category-portada"],"post_mailing_queue_ids":[],"_links":{"self":[{"href":"https:\/\/agora.xtec.cat\/esc-teresabergada\/wp-json\/wp\/v2\/posts\/12221","targetHints":{"allow":["GET"]}}],"collection":[{"href":"https:\/\/agora.xtec.cat\/esc-teresabergada\/wp-json\/wp\/v2\/posts"}],"about":[{"href":"https:\/\/agora.xtec.cat\/esc-teresabergada\/wp-json\/wp\/v2\/types\/post"}],"author":[{"embeddable":true,"href":"https:\/\/agora.xtec.cat\/esc-teresabergada\/wp-json\/wp\/v2\/users\/1"}],"replies":[{"embeddable":true,"href":"https:\/\/agora.xtec.cat\/esc-teresabergada\/wp-json\/wp\/v2\/comments?post=12221"}],"version-history":[{"count":4,"href":"https:\/\/agora.xtec.cat\/esc-teresabergada\/wp-json\/wp\/v2\/posts\/12221\/revisions"}],"predecessor-version":[{"id":12231,"href":"https:\/\/agora.xtec.cat\/esc-teresabergada\/wp-json\/wp\/v2\/posts\/12221\/revisions\/12231"}],"wp:featuredmedia":[{"embeddable":true,"href":"https:\/\/agora.xtec.cat\/esc-teresabergada\/wp-json\/wp\/v2\/media\/12230"}],"wp:attachment":[{"href":"https:\/\/agora.xtec.cat\/esc-teresabergada\/wp-json\/wp\/v2\/media?parent=12221"}],"wp:term":[{"taxonomy":"category","embeddable":true,"href":"https:\/\/agora.xtec.cat\/esc-teresabergada\/wp-json\/wp\/v2\/categories?post=12221"},{"taxonomy":"post_tag","embeddable":true,"href":"https:\/\/agora.xtec.cat\/esc-teresabergada\/wp-json\/wp\/v2\/tags?post=12221"}],"curies":[{"name":"wp","href":"https:\/\/api.w.org\/{rel}","templated":true}]}}