{"id":12216,"date":"2024-10-23T13:31:00","date_gmt":"2024-10-23T11:31:00","guid":{"rendered":"https:\/\/agora.xtec.cat\/esc-teresabergada\/?p=12216"},"modified":"2025-02-27T07:27:42","modified_gmt":"2025-02-27T06:27:42","slug":"tallers-dart-a-cicle-mitja","status":"publish","type":"post","link":"https:\/\/agora.xtec.cat\/esc-teresabergada\/blocs-de-primaria\/3r\/tallers-dart-a-cicle-mitja\/","title":{"rendered":"TALLERS D&#8217;ART A CICLE MITJ\u00c0"},"content":{"rendered":"<p><span lang=\"ca-ES\">Els tallers d&#8217;art s\u00f3n una manera fant\u00e0stica d&#8217;introduir els nens al m\u00f3n de la creativitat i la imaginaci\u00f3, aquest trimestre ens hem centrat en tres grans mestres de l&#8217;art: Salvador Dal\u00ed, Joan Mir\u00f3 i la pintura abstracta de Guinovart, tots tres autors catalans que hem lligat amb el projecte de medi que estem treballant. . A trav\u00e9s d&#8217;activitats divertides i interactives, els nens podran exploren les t\u00e8cniques i estils d&#8217;aquests artistes.<\/span><\/p>\n<p><span lang=\"ca-ES\"><b>Salvador Dal\u00ed<\/b><\/span><span lang=\"ca-ES\">\u00a0\u00e9s conegut pel seu surrealisme i les seves imatges on\u00edriques. En un taller dedicat a Dal\u00ed, els nens poden crear els seus propis &#8220;somnis&#8221; a trav\u00e9s de dibuixos i collages, inspirant-se en els seus famosos rellotges tous i paisatges fant\u00e0stics. Aquesta activitat els permetr\u00e0 jugar amb la imaginaci\u00f3 i expressar les seves idees de manera lliure.<\/span><\/p>\n<p><span lang=\"ca-ES\"><b>Joan Mir\u00f3<\/b><\/span><span lang=\"ca-ES\">, per la seva banda, \u00e9s un referent del surrealisme i l&#8217;art abstracte. Els tallers inspirats en Mir\u00f3 han estat fer per crear de pintures amb formes geom\u00e8triques i colors vius. Els nens han experimentat amb diferents materials, com pintures, retalls de paper, rotlles de paper d\u2019 alumini i fins i tot materials reciclats, per crear les seves pr\u00f2pies obres d&#8217;art que reflecteixin l&#8217;estil alegre i juganer de Mir\u00f3.<\/span><\/p>\n<p>Finalment, la\u00a0<span lang=\"ca-ES\"><b>pintura abstracta<\/b><\/span><span lang=\"ca-ES\"> i Guinovart ofereix als nens l&#8217;oportunitat d&#8217;explorar l&#8217;art sense la necessitat de representar objectes reconeixibles. En aquest taller, els nens han jugat amb colors, formes i textures d\u2019 elements naturals, deixant que les seves emocions i pensaments es reflecteixin en el llen\u00e7. Aquesta llibertat creativa els ajuda a desenvolupar la seva capacitat d&#8217;expressi\u00f3 i a gaudir del proc\u00e9s art\u00edstic.<\/span><\/p>\n<p>En resum, els tallers d&#8217;art inspirats en Dal\u00ed, Mir\u00f3 i la pintura abstracta de Guinovart s\u00f3n una excel\u00b7lent manera d&#8217;estimular la creativitat dels nens de cicle mitj\u00e0 lligat amb el projecte de Catalunya. A trav\u00e9s d&#8217;aquestes activitats, no nom\u00e9s aprenen sobre grans artistes, sin\u00f3 que tamb\u00e9 descobreixen la seva pr\u00f2pia veu art\u00edstica.<\/p>\n<p>&nbsp;<\/p>\n\r\n\t<div class=\"slideshow_container slideshow_container_style-light\" style=\"height: 300px; \" data-slideshow-id=\"12208\" data-style-name=\"style-light\" data-style-version=\"2.3.1\" >\r\n\r\n\t\t\t\t\t<div class=\"slideshow_loading_icon\"><\/div>\r\n\t\t\r\n\t\t<div class=\"slideshow_content\" style=\"display: none;\">\r\n\r\n\t\t\t<div class=\"slideshow_view\">\r\n\t\t\t\t<div class=\"slideshow_slide slideshow_slide_image\">\r\n\t\t\t\t\t\t\t\t\t\t\t<img src=\"https:\/\/agora.xtec.cat\/esc-teresabergada\/wp-content\/uploads\/usu1533\/2024\/10\/DALI-2-1.png\" alt=\"LA DONA MIRANT PER LA FINESTRA \" width=\"611\" height=\"775\" \/>\r\n\t\t\t\t\t\t\t\t\t\t<div class=\"slideshow_description_box slideshow_transparent\">\r\n\t\t\t\t\t\t<div class=\"slideshow_title\">LA DONA MIRANT PER LA FINESTRA<\/div>\t\t\t\t\t\t\t\t\t\t\t<\/div>\r\n\t\t\t\t<\/div>\r\n\r\n\t\t\t\t\t\t<div style=\"clear: both;\"><\/div><\/div><div class=\"slideshow_view\">\r\n\t\t\t\t<div class=\"slideshow_slide slideshow_slide_image\">\r\n\t\t\t\t\t\t\t\t\t\t\t<img src=\"https:\/\/agora.xtec.cat\/esc-teresabergada\/wp-content\/uploads\/usu1533\/2024\/10\/DALI-1-1.png\" alt=\"DAL\u00cd \" width=\"607\" height=\"742\" \/>\r\n\t\t\t\t\t\t\t\t\t\t<div class=\"slideshow_description_box slideshow_transparent\">\r\n\t\t\t\t\t\t<div class=\"slideshow_title\">DAL\u00cd<\/div>\t\t\t\t\t\t\t\t\t\t\t<\/div>\r\n\t\t\t\t<\/div>\r\n\r\n\t\t\t\t\t\t<div style=\"clear: both;\"><\/div><\/div><div class=\"slideshow_view\">\r\n\t\t\t\t<div class=\"slideshow_slide slideshow_slide_image\">\r\n\t\t\t\t\t\t\t\t\t\t\t<img src=\"https:\/\/agora.xtec.cat\/esc-teresabergada\/wp-content\/uploads\/usu1533\/2024\/10\/WhatsApp-Image-2024-10-23-at-13.08.52.jpeg\" alt=\"PORTADES MIR\u00d3 \" width=\"1530\" height=\"2040\" \/>\r\n\t\t\t\t\t\t\t\t\t\t<div class=\"slideshow_description_box slideshow_transparent\">\r\n\t\t\t\t\t\t<div class=\"slideshow_title\">PORTADES MIR\u00d3<\/div>\t\t\t\t\t\t\t\t\t\t\t<\/div>\r\n\t\t\t\t<\/div>\r\n\r\n\t\t\t\t\t\t<div style=\"clear: both;\"><\/div><\/div><div class=\"slideshow_view\">\r\n\t\t\t\t<div class=\"slideshow_slide slideshow_slide_image\">\r\n\t\t\t\t\t\t\t\t\t\t\t<img src=\"https:\/\/agora.xtec.cat\/esc-teresabergada\/wp-content\/uploads\/usu1533\/2024\/10\/WhatsApp-Image-2024-10-23-at-13.08.51.jpeg\" alt=\"DONA I OCELL MIR\u00d3 \" width=\"1530\" height=\"2040\" \/>\r\n\t\t\t\t\t\t\t\t\t\t<div class=\"slideshow_description_box slideshow_transparent\">\r\n\t\t\t\t\t\t<div class=\"slideshow_title\">DONA I OCELL MIR\u00d3<\/div>\t\t\t\t\t\t\t\t\t\t\t<\/div>\r\n\t\t\t\t<\/div>\r\n\r\n\t\t\t\t\t\t<div style=\"clear: both;\"><\/div><\/div><div class=\"slideshow_view\">\r\n\t\t\t\t<div class=\"slideshow_slide slideshow_slide_image\">\r\n\t\t\t\t\t\t\t\t\t\t\t<img src=\"https:\/\/agora.xtec.cat\/esc-teresabergada\/wp-content\/uploads\/usu1533\/2024\/10\/WhatsApp-Image-2024-10-23-at-13.08.51-1.jpeg\" alt=\"GUINOVART\" width=\"1530\" height=\"2040\" \/>\r\n\t\t\t\t\t\t\t\t\t\t<div class=\"slideshow_description_box slideshow_transparent\">\r\n\t\t\t\t\t\t<div class=\"slideshow_title\">GUINOVART<\/div>\t\t\t\t\t\t\t\t\t\t\t<\/div>\r\n\t\t\t\t<\/div>\r\n\r\n\t\t\t\t\t\t<div style=\"clear: both;\"><\/div><\/div>\r\n\t\t<\/div>\r\n\r\n\t\t<div class=\"slideshow_controlPanel slideshow_transparent\" style=\"display: none;\"><ul><li class=\"slideshow_togglePlay\" data-play-text=\"Visualitza\" data-pause-text=\"Pausa\"><\/li><\/ul><\/div>\r\n\r\n\t\t<div class=\"slideshow_button slideshow_previous slideshow_transparent\" role=\"button\" data-previous-text=\"Anterior\" style=\"display: none;\"><\/div>\r\n\t\t<div class=\"slideshow_button slideshow_next slideshow_transparent\" role=\"button\" data-next-text=\"Seg\u00fcent\" style=\"display: none;\"><\/div>\r\n\r\n\t\t<div class=\"slideshow_pagination\" style=\"display: none;\" data-go-to-text=\"V\u00e9s a la diapositiva\"><div class=\"slideshow_pagination_center\"><\/div><\/div>\r\n\r\n\t\t<!-- WordPress Slideshow Version 2.3.1 -->\r\n\r\n\t\t\t<\/div>\r\n\r\n\n","protected":false},"excerpt":{"rendered":"<p>Els tallers d&#8217;art s\u00f3n una manera fant\u00e0stica d&#8217;introduir els nens al m\u00f3n de la creativitat i la imaginaci\u00f3, aquest trimestre ens hem centrat en tres grans mestres de l&#8217;art: Salvador Dal\u00ed, Joan Mir\u00f3 i la pintura abstracta de Guinovart, tots tres autors catalans que hem&hellip;  <a href=\"https:\/\/agora.xtec.cat\/esc-teresabergada\/blocs-de-primaria\/3r\/tallers-dart-a-cicle-mitja\/\" title=\"Read TALLERS D&#8217;ART A CICLE MITJ\u00c0\">Llegeix m\u00e9s\u00bb<\/a><\/p>\n","protected":false},"author":1,"featured_media":12210,"comment_status":"open","ping_status":"closed","sticky":false,"template":"","format":"standard","meta":{"_bbp_topic_count":0,"_bbp_reply_count":0,"_bbp_total_topic_count":0,"_bbp_total_reply_count":0,"_bbp_voice_count":0,"_bbp_anonymous_reply_count":0,"_bbp_topic_count_hidden":0,"_bbp_reply_count_hidden":0,"_bbp_forum_subforum_count":0,"footnotes":""},"categories":[238,250,392],"tags":[],"class_list":["post-12216","post","type-post","status-publish","format-standard","has-post-thumbnail","hentry","category-3r","category-4t","category-catalunya"],"post_mailing_queue_ids":[],"_links":{"self":[{"href":"https:\/\/agora.xtec.cat\/esc-teresabergada\/wp-json\/wp\/v2\/posts\/12216","targetHints":{"allow":["GET"]}}],"collection":[{"href":"https:\/\/agora.xtec.cat\/esc-teresabergada\/wp-json\/wp\/v2\/posts"}],"about":[{"href":"https:\/\/agora.xtec.cat\/esc-teresabergada\/wp-json\/wp\/v2\/types\/post"}],"author":[{"embeddable":true,"href":"https:\/\/agora.xtec.cat\/esc-teresabergada\/wp-json\/wp\/v2\/users\/1"}],"replies":[{"embeddable":true,"href":"https:\/\/agora.xtec.cat\/esc-teresabergada\/wp-json\/wp\/v2\/comments?post=12216"}],"version-history":[{"count":4,"href":"https:\/\/agora.xtec.cat\/esc-teresabergada\/wp-json\/wp\/v2\/posts\/12216\/revisions"}],"predecessor-version":[{"id":12220,"href":"https:\/\/agora.xtec.cat\/esc-teresabergada\/wp-json\/wp\/v2\/posts\/12216\/revisions\/12220"}],"wp:featuredmedia":[{"embeddable":true,"href":"https:\/\/agora.xtec.cat\/esc-teresabergada\/wp-json\/wp\/v2\/media\/12210"}],"wp:attachment":[{"href":"https:\/\/agora.xtec.cat\/esc-teresabergada\/wp-json\/wp\/v2\/media?parent=12216"}],"wp:term":[{"taxonomy":"category","embeddable":true,"href":"https:\/\/agora.xtec.cat\/esc-teresabergada\/wp-json\/wp\/v2\/categories?post=12216"},{"taxonomy":"post_tag","embeddable":true,"href":"https:\/\/agora.xtec.cat\/esc-teresabergada\/wp-json\/wp\/v2\/tags?post=12216"}],"curies":[{"name":"wp","href":"https:\/\/api.w.org\/{rel}","templated":true}]}}