{"id":12203,"date":"2024-10-22T10:21:44","date_gmt":"2024-10-22T08:21:44","guid":{"rendered":"https:\/\/agora.xtec.cat\/esc-teresabergada\/?p=12203"},"modified":"2024-10-22T11:11:35","modified_gmt":"2024-10-22T09:11:35","slug":"entrades-relaxades","status":"publish","type":"post","link":"https:\/\/agora.xtec.cat\/esc-teresabergada\/infantil\/entrades-relaxades\/","title":{"rendered":"ENTRADES RELAXADES"},"content":{"rendered":"<p align=\"justify\"><span style=\"color: #000000;\"><span style=\"font-family: DK Pisang;\"><span style=\"font-size: medium;\">A Educaci\u00f3 Infantil i<\/span><\/span><\/span><span style=\"color: #000000;\"><span style=\"font-family: DK Pisang;\"><span style=\"font-size: medium;\">niciem els matins amb les \u201cEntrades relaxades\u201d un moment on oferim diferents propostes pensades i cuidades, on <\/span><\/span><\/span><span style=\"color: #000000;\"><span style=\"font-family: DK Pisang;\"><span style=\"font-size: medium;\">els vostres fills i fi<\/span><\/span><\/span><span style=\"color: #000000;\"><span style=\"font-family: DK Pisang;\"><span style=\"font-size: medium;\">lles<\/span><\/span><\/span><span style=\"color: #000000;\"><span style=\"font-family: DK Pisang;\"><span style=\"font-size: medium;\"> po<\/span><\/span><\/span><span style=\"color: #000000;\"><span style=\"font-family: DK Pisang;\"><span style=\"font-size: medium;\">den<\/span><\/span><\/span><span style=\"color: #000000;\"><span style=\"font-family: DK Pisang;\"><span style=\"font-size: medium;\"> anar lliurement a cada una d\u2019elles depenent de com arriba al mat\u00ed. <\/span><\/span><\/span><span style=\"color: #000000;\"><span style=\"font-family: DK Pisang;\"><span style=\"font-size: medium;\">\u00c9s un temps molt valu\u00f3s d\u2019entrar a l\u2019aula amb tranquil<\/span><\/span><\/span><span style=\"color: #000000;\"><span style=\"font-family: Cambria, serif;\"><span style=\"font-size: medium;\">\u00b7<\/span><\/span><\/span><span style=\"color: #000000;\"><span style=\"font-family: DK Pisang;\"><span style=\"font-size: medium;\">litat i sense pressa.<\/span><\/span><\/span><\/p>\n<p><span style=\"color: #000000;\"><span style=\"font-family: DK Pisang;\"><span style=\"font-size: medium;\">Quan entren a l\u2019aula es troben <\/span><\/span><\/span><span style=\"color: #000000;\"><span style=\"font-family: DK Pisang;\"><span style=\"font-size: medium;\">una <\/span><\/span><\/span><span style=\"color: #000000;\"><span style=\"font-family: DK Pisang;\"><span style=\"font-size: medium;\">m\u00fasica relaxant de fons, van a buscar el seu cartell del nom per posar-lo a l\u2019escola i a continuaci\u00f3 van a penjar la jaqueta i la motxilla.<\/span><\/span><\/span><\/p>\n<p align=\"justify\"><span style=\"color: #000000;\"><span style=\"font-family: DK Pisang;\"><span style=\"font-size: medium;\">Aprofitem <\/span><\/span><\/span><span style=\"color: #000000;\"><span style=\"font-family: DK Pisang;\"><span style=\"font-size: medium;\">aquestes estones per<\/span><\/span><\/span><span style=\"color: #000000;\"><span style=\"font-family: DK Pisang;\"><span style=\"font-size: medium;\"> crear un clima de confian\u00e7a i seguretat<\/span><\/span><\/span> <span style=\"color: #000000;\"><span style=\"font-family: DK Pisang;\"><span style=\"font-size: medium;\">que permet que els nenes\/es inici\u00efn les seves tasques di\u00e0ries<\/span><\/span><\/span> <span style=\"color: #000000;\"><span style=\"font-family: DK Pisang;\"><span style=\"font-size: medium;\">respectant el propi ritme <\/span><\/span><\/span><span style=\"color: #000000;\"><span style=\"font-family: DK Pisang;\"><span style=\"font-size: medium;\">i <\/span><\/span><\/span><span style=\"color: #000000;\"><span style=\"font-family: DK Pisang;\"><span style=\"font-size: medium;\">crea<\/span><\/span><\/span><span style=\"color: #000000;\"><span style=\"font-family: DK Pisang;\"><span style=\"font-size: medium;\">nt<\/span><\/span><\/span><span style=\"color: #000000;\"><span style=\"font-family: DK Pisang;\"><span style=\"font-size: medium;\"> vincles afectius <\/span><\/span><\/span><span style=\"color: #000000;\"><span style=\"font-family: DK Pisang;\"><span style=\"font-size: medium;\">amb <\/span><\/span><\/span><span style=\"color: #000000;\"><span style=\"font-family: DK Pisang;\"><span style=\"font-size: medium;\"> la mestra <\/span><\/span><\/span><span style=\"color: #000000;\"><span style=\"font-family: DK Pisang;\"><span style=\"font-size: medium;\">i <\/span><\/span><\/span><span style=\"color: #000000;\"><span style=\"font-family: DK Pisang;\"><span style=\"font-size: medium;\">amb els <\/span><\/span><\/span><span style=\"color: #000000;\"><span style=\"font-family: DK Pisang;\"><span style=\"font-size: medium;\">seus companys i companyes.<\/span><\/span><\/span><\/p>\n<p align=\"justify\"><span style=\"color: #000000;\"><span style=\"font-family: DK Pisang;\"><span style=\"font-size: medium;\">A<\/span><\/span><\/span><span style=\"color: #000000;\"><span style=\"font-family: DK Pisang;\"><span style=\"font-size: medium;\">lgunes de les propostes que es troben els vostres fills i filles a l\u2019aula s\u00f3n: <\/span><\/span><\/span><span style=\"color: #000000;\"><span style=\"font-family: DK Pisang;\"><span style=\"font-size: medium;\">\u00a0construcci<\/span><\/span><\/span><span style=\"color: #000000;\"><span style=\"font-family: DK Pisang;\"><span style=\"font-size: medium;\">ons<\/span><\/span><\/span><span style=\"color: #000000;\"><span style=\"font-family: DK Pisang;\"><span style=\"font-size: medium;\"> partir d\u2019un model, mirar contes, fer un dibuix lliure, retallar, fer puzles, decorar un model amb plastilina, buscar i confegir paraules, activitats de numeraci\u00f3, alguna seriaci\u00f3,&#8230; <\/span><\/span><\/span><\/p>\n<p><span style=\"color: #000000;\"><span style=\"font-family: DK Pisang;\"><span style=\"font-size: medium;\">Un cop han passat els 20 minuts, ho recollim tot, ens seiem a la rotllana i comencem rutines!!<\/span><\/span><\/span><\/p>\n<p><img loading=\"lazy\" decoding=\"async\" class=\"wp-image-12205 alignleft\" src=\"https:\/\/agora.xtec.cat\/esc-teresabergada\/wp-content\/uploads\/usu1533\/2024\/10\/WhatsApp-Image-2024-10-03-at-18.44.19-4-300x279.jpeg\" alt=\"\" width=\"315\" height=\"293\" srcset=\"https:\/\/agora.xtec.cat\/esc-teresabergada\/wp-content\/uploads\/usu1533\/2024\/10\/WhatsApp-Image-2024-10-03-at-18.44.19-4-300x279.jpeg 300w, https:\/\/agora.xtec.cat\/esc-teresabergada\/wp-content\/uploads\/usu1533\/2024\/10\/WhatsApp-Image-2024-10-03-at-18.44.19-4-1024x953.jpeg 1024w, https:\/\/agora.xtec.cat\/esc-teresabergada\/wp-content\/uploads\/usu1533\/2024\/10\/WhatsApp-Image-2024-10-03-at-18.44.19-4-768x715.jpeg 768w, https:\/\/agora.xtec.cat\/esc-teresabergada\/wp-content\/uploads\/usu1533\/2024\/10\/WhatsApp-Image-2024-10-03-at-18.44.19-4.jpeg 1290w\" sizes=\"auto, (max-width: 315px) 100vw, 315px\" \/><\/p>\n","protected":false},"excerpt":{"rendered":"<p>A Educaci\u00f3 Infantil iniciem els matins amb les \u201cEntrades relaxades\u201d un moment on oferim diferents propostes pensades i cuidades, on els vostres fills i filles poden anar lliurement a cada una d\u2019elles depenent de com arriba al mat\u00ed. \u00c9s un temps molt valu\u00f3s d\u2019entrar a&hellip;  <a href=\"https:\/\/agora.xtec.cat\/esc-teresabergada\/infantil\/entrades-relaxades\/\" title=\"Read ENTRADES RELAXADES\">Llegeix m\u00e9s\u00bb<\/a><\/p>\n","protected":false},"author":7,"featured_media":12205,"comment_status":"open","ping_status":"closed","sticky":false,"template":"","format":"standard","meta":{"_bbp_topic_count":0,"_bbp_reply_count":0,"_bbp_total_topic_count":0,"_bbp_total_reply_count":0,"_bbp_voice_count":0,"_bbp_anonymous_reply_count":0,"_bbp_topic_count_hidden":0,"_bbp_reply_count_hidden":0,"_bbp_forum_subforum_count":0,"footnotes":""},"categories":[515,236,251,2],"tags":[61,654,474],"class_list":["post-12203","post","type-post","status-publish","format-standard","has-post-thumbnail","hentry","category-i3","category-i4","category-i5","category-infantil","tag-activitats","tag-entrades-relaxades","tag-propostes"],"post_mailing_queue_ids":[],"_links":{"self":[{"href":"https:\/\/agora.xtec.cat\/esc-teresabergada\/wp-json\/wp\/v2\/posts\/12203","targetHints":{"allow":["GET"]}}],"collection":[{"href":"https:\/\/agora.xtec.cat\/esc-teresabergada\/wp-json\/wp\/v2\/posts"}],"about":[{"href":"https:\/\/agora.xtec.cat\/esc-teresabergada\/wp-json\/wp\/v2\/types\/post"}],"author":[{"embeddable":true,"href":"https:\/\/agora.xtec.cat\/esc-teresabergada\/wp-json\/wp\/v2\/users\/7"}],"replies":[{"embeddable":true,"href":"https:\/\/agora.xtec.cat\/esc-teresabergada\/wp-json\/wp\/v2\/comments?post=12203"}],"version-history":[{"count":3,"href":"https:\/\/agora.xtec.cat\/esc-teresabergada\/wp-json\/wp\/v2\/posts\/12203\/revisions"}],"predecessor-version":[{"id":12207,"href":"https:\/\/agora.xtec.cat\/esc-teresabergada\/wp-json\/wp\/v2\/posts\/12203\/revisions\/12207"}],"wp:featuredmedia":[{"embeddable":true,"href":"https:\/\/agora.xtec.cat\/esc-teresabergada\/wp-json\/wp\/v2\/media\/12205"}],"wp:attachment":[{"href":"https:\/\/agora.xtec.cat\/esc-teresabergada\/wp-json\/wp\/v2\/media?parent=12203"}],"wp:term":[{"taxonomy":"category","embeddable":true,"href":"https:\/\/agora.xtec.cat\/esc-teresabergada\/wp-json\/wp\/v2\/categories?post=12203"},{"taxonomy":"post_tag","embeddable":true,"href":"https:\/\/agora.xtec.cat\/esc-teresabergada\/wp-json\/wp\/v2\/tags?post=12203"}],"curies":[{"name":"wp","href":"https:\/\/api.w.org\/{rel}","templated":true}]}}