{"id":12198,"date":"2024-10-14T08:11:17","date_gmt":"2024-10-14T06:11:17","guid":{"rendered":"https:\/\/agora.xtec.cat\/esc-teresabergada\/?p=12198"},"modified":"2024-10-14T08:11:17","modified_gmt":"2024-10-14T06:11:17","slug":"taller-de-reptils","status":"publish","type":"post","link":"https:\/\/agora.xtec.cat\/esc-teresabergada\/blocs-de-primaria\/6e\/taller-de-reptils\/","title":{"rendered":"TALLER DE R\u00c8PTILS"},"content":{"rendered":"<p><span style=\"font-weight: 400;\">En una de les primeres sessions del projecte que just fa un mes que hem iniciat a les aules de cicle superior, <strong>ELS 5 REGNES DELS \u00c9SSERS VIUS<\/strong><\/span><span style=\"font-weight: 400;\">, ens van visitar dos experts en r\u00e8ptils: la Merc\u00e8 i el Ramon.\u00a0<\/span><\/p>\n<p><span style=\"font-weight: 400;\">Amb les seves explicacions i el fet d\u2019estar en contacte directe amb r\u00e8ptils que coneixem per\u00f2 que no sempre tenim l\u2019oportunitat de poder-los observar de prop, van encendre l\u2019espurna de motivaci\u00f3 per iniciar nous aprenentatges envers l\u2019entorn que ens envolta.\u00a0<\/span><\/p>\n<p><span style=\"font-weight: 400;\">A m\u00e9s a m\u00e9s van despertar consci\u00e8ncia entre totes i tots nosaltres quant a la responsabilitat que tenim les persones per garantir la cura dels animals i dels seus ecosistemes.<\/span><\/p>\n<p><img loading=\"lazy\" decoding=\"async\" class=\"aligncenter size-medium wp-image-12200\" src=\"https:\/\/agora.xtec.cat\/esc-teresabergada\/wp-content\/uploads\/usu1533\/2024\/10\/1727208677376-300x294.jpg\" alt=\"\" width=\"300\" height=\"294\" srcset=\"https:\/\/agora.xtec.cat\/esc-teresabergada\/wp-content\/uploads\/usu1533\/2024\/10\/1727208677376-300x294.jpg 300w, https:\/\/agora.xtec.cat\/esc-teresabergada\/wp-content\/uploads\/usu1533\/2024\/10\/1727208677376-1024x1005.jpg 1024w, https:\/\/agora.xtec.cat\/esc-teresabergada\/wp-content\/uploads\/usu1533\/2024\/10\/1727208677376-768x754.jpg 768w, https:\/\/agora.xtec.cat\/esc-teresabergada\/wp-content\/uploads\/usu1533\/2024\/10\/1727208677376-1536x1507.jpg 1536w, https:\/\/agora.xtec.cat\/esc-teresabergada\/wp-content\/uploads\/usu1533\/2024\/10\/1727208677376-2048x2010.jpg 2048w\" sizes=\"auto, (max-width: 300px) 100vw, 300px\" \/><\/p>\n<p>&nbsp;<\/p>\n","protected":false},"excerpt":{"rendered":"<p>En una de les primeres sessions del projecte que just fa un mes que hem iniciat a les aules de cicle superior, ELS 5 REGNES DELS \u00c9SSERS VIUS, ens van visitar dos experts en r\u00e8ptils: la Merc\u00e8 i el Ramon.\u00a0<br \/>\nAmb les seves explicacions i el&hellip;  <a href=\"https:\/\/agora.xtec.cat\/esc-teresabergada\/blocs-de-primaria\/6e\/taller-de-reptils\/\" title=\"Read TALLER DE R\u00c8PTILS\">Llegeix m\u00e9s\u00bb<\/a><\/p>\n","protected":false},"author":1,"featured_media":12199,"comment_status":"open","ping_status":"closed","sticky":false,"template":"","format":"standard","meta":{"_bbp_topic_count":0,"_bbp_reply_count":0,"_bbp_total_topic_count":0,"_bbp_total_reply_count":0,"_bbp_voice_count":0,"_bbp_anonymous_reply_count":0,"_bbp_topic_count_hidden":0,"_bbp_reply_count_hidden":0,"_bbp_forum_subforum_count":0,"footnotes":""},"categories":[349,240],"tags":[],"class_list":["post-12198","post","type-post","status-publish","format-standard","has-post-thumbnail","hentry","category-5e","category-6e"],"post_mailing_queue_ids":[],"_links":{"self":[{"href":"https:\/\/agora.xtec.cat\/esc-teresabergada\/wp-json\/wp\/v2\/posts\/12198","targetHints":{"allow":["GET"]}}],"collection":[{"href":"https:\/\/agora.xtec.cat\/esc-teresabergada\/wp-json\/wp\/v2\/posts"}],"about":[{"href":"https:\/\/agora.xtec.cat\/esc-teresabergada\/wp-json\/wp\/v2\/types\/post"}],"author":[{"embeddable":true,"href":"https:\/\/agora.xtec.cat\/esc-teresabergada\/wp-json\/wp\/v2\/users\/1"}],"replies":[{"embeddable":true,"href":"https:\/\/agora.xtec.cat\/esc-teresabergada\/wp-json\/wp\/v2\/comments?post=12198"}],"version-history":[{"count":1,"href":"https:\/\/agora.xtec.cat\/esc-teresabergada\/wp-json\/wp\/v2\/posts\/12198\/revisions"}],"predecessor-version":[{"id":12201,"href":"https:\/\/agora.xtec.cat\/esc-teresabergada\/wp-json\/wp\/v2\/posts\/12198\/revisions\/12201"}],"wp:featuredmedia":[{"embeddable":true,"href":"https:\/\/agora.xtec.cat\/esc-teresabergada\/wp-json\/wp\/v2\/media\/12199"}],"wp:attachment":[{"href":"https:\/\/agora.xtec.cat\/esc-teresabergada\/wp-json\/wp\/v2\/media?parent=12198"}],"wp:term":[{"taxonomy":"category","embeddable":true,"href":"https:\/\/agora.xtec.cat\/esc-teresabergada\/wp-json\/wp\/v2\/categories?post=12198"},{"taxonomy":"post_tag","embeddable":true,"href":"https:\/\/agora.xtec.cat\/esc-teresabergada\/wp-json\/wp\/v2\/tags?post=12198"}],"curies":[{"name":"wp","href":"https:\/\/api.w.org\/{rel}","templated":true}]}}