{"id":12175,"date":"2024-10-03T20:34:12","date_gmt":"2024-10-03T18:34:12","guid":{"rendered":"https:\/\/agora.xtec.cat\/esc-teresabergada\/?p=12175"},"modified":"2024-10-03T20:34:12","modified_gmt":"2024-10-03T18:34:12","slug":"tornem-a-lescola","status":"publish","type":"post","link":"https:\/\/agora.xtec.cat\/esc-teresabergada\/infantil\/tornem-a-lescola\/","title":{"rendered":"TORNEM A L&#8217;ESCOLA!!"},"content":{"rendered":"<p>Comen\u00e7a l&#8217;escola i les nostres aules es tornen a omplir de vida, somriures, jocs i moments \u00fanics i irrepetibles.<br \/>\nEls nens i nenes d&#8217;Educaci\u00f3 infantil ja hem passat els nostres primers dies junts, retrobant-nos coneixent-nos, descobrint nous espais i explorant cada rac\u00f3 de la nostra escola. Aquests dies han estat intensos i plens d&#8217;emocions.<br \/>\nDurant aquest temps, els hem acompanyat amb respecte, empatia i sobretot molt d&#8217;amor. Hem creat espais acollidors perqu\u00e8 es puguin sentir tranquils i tranquil\u00b7les i vagin guanyant confian\u00e7a, respectant el ritme de cada infant i perqu\u00e8 a poc a poc es vagi teixint un vincle amb la mestra. Perqu\u00e8 un infant amb un bon vincle d&#8217;aferrament segur, ser\u00e0 capa\u00e7 d&#8217;explorar , aprendre i descobrir el m\u00f3n que l&#8217;envolta d&#8217;una forma aut\u00f2noma.<\/p>\n<p><img loading=\"lazy\" decoding=\"async\" class=\"size-medium wp-image-12178 alignleft\" src=\"https:\/\/agora.xtec.cat\/esc-teresabergada\/wp-content\/uploads\/usu1533\/2024\/10\/WhatsApp-Image-2024-10-03-at-18.44.19-3-195x300.jpeg\" alt=\"\" width=\"195\" height=\"300\" srcset=\"https:\/\/agora.xtec.cat\/esc-teresabergada\/wp-content\/uploads\/usu1533\/2024\/10\/WhatsApp-Image-2024-10-03-at-18.44.19-3-195x300.jpeg 195w, https:\/\/agora.xtec.cat\/esc-teresabergada\/wp-content\/uploads\/usu1533\/2024\/10\/WhatsApp-Image-2024-10-03-at-18.44.19-3-666x1024.jpeg 666w, https:\/\/agora.xtec.cat\/esc-teresabergada\/wp-content\/uploads\/usu1533\/2024\/10\/WhatsApp-Image-2024-10-03-at-18.44.19-3-768x1180.jpeg 768w, https:\/\/agora.xtec.cat\/esc-teresabergada\/wp-content\/uploads\/usu1533\/2024\/10\/WhatsApp-Image-2024-10-03-at-18.44.19-3-999x1536.jpeg 999w, https:\/\/agora.xtec.cat\/esc-teresabergada\/wp-content\/uploads\/usu1533\/2024\/10\/WhatsApp-Image-2024-10-03-at-18.44.19-3.jpeg 1041w\" sizes=\"auto, (max-width: 195px) 100vw, 195px\" \/> <img loading=\"lazy\" decoding=\"async\" class=\"size-medium wp-image-12177 alignleft\" src=\"https:\/\/agora.xtec.cat\/esc-teresabergada\/wp-content\/uploads\/usu1533\/2024\/10\/WhatsApp-Image-2024-10-03-at-18.44.19-2-224x300.jpeg\" alt=\"\" width=\"224\" height=\"300\" srcset=\"https:\/\/agora.xtec.cat\/esc-teresabergada\/wp-content\/uploads\/usu1533\/2024\/10\/WhatsApp-Image-2024-10-03-at-18.44.19-2-224x300.jpeg 224w, https:\/\/agora.xtec.cat\/esc-teresabergada\/wp-content\/uploads\/usu1533\/2024\/10\/WhatsApp-Image-2024-10-03-at-18.44.19-2-765x1024.jpeg 765w, https:\/\/agora.xtec.cat\/esc-teresabergada\/wp-content\/uploads\/usu1533\/2024\/10\/WhatsApp-Image-2024-10-03-at-18.44.19-2-768x1027.jpeg 768w, https:\/\/agora.xtec.cat\/esc-teresabergada\/wp-content\/uploads\/usu1533\/2024\/10\/WhatsApp-Image-2024-10-03-at-18.44.19-2-1148x1536.jpeg 1148w, https:\/\/agora.xtec.cat\/esc-teresabergada\/wp-content\/uploads\/usu1533\/2024\/10\/WhatsApp-Image-2024-10-03-at-18.44.19-2.jpeg 1196w\" sizes=\"auto, (max-width: 224px) 100vw, 224px\" \/><\/p>\n","protected":false},"excerpt":{"rendered":"<p>Comen\u00e7a l&#8217;escola i les nostres aules es tornen a omplir de vida, somriures, jocs i moments \u00fanics i irrepetibles.<br \/>\nEls nens i nenes d&#8217;Educaci\u00f3 infantil ja hem passat els nostres primers dies junts, retrobant-nos coneixent-nos, descobrint nous espais i explorant cada rac\u00f3 de la nostra escola.&hellip;  <a href=\"https:\/\/agora.xtec.cat\/esc-teresabergada\/infantil\/tornem-a-lescola\/\" title=\"Read TORNEM A L&#8217;ESCOLA!!\">Llegeix m\u00e9s\u00bb<\/a><\/p>\n","protected":false},"author":74,"featured_media":12176,"comment_status":"open","ping_status":"closed","sticky":false,"template":"","format":"standard","meta":{"_bbp_topic_count":0,"_bbp_reply_count":0,"_bbp_total_topic_count":0,"_bbp_total_reply_count":0,"_bbp_voice_count":0,"_bbp_anonymous_reply_count":0,"_bbp_topic_count_hidden":0,"_bbp_reply_count_hidden":0,"_bbp_forum_subforum_count":0,"footnotes":""},"categories":[515,236,251,2],"tags":[77,191,518,653],"class_list":["post-12175","post","type-post","status-publish","format-standard","has-post-thumbnail","hentry","category-i3","category-i4","category-i5","category-infantil","tag-escola","tag-infantil","tag-inici-curs","tag-primers-dies"],"post_mailing_queue_ids":[],"_links":{"self":[{"href":"https:\/\/agora.xtec.cat\/esc-teresabergada\/wp-json\/wp\/v2\/posts\/12175","targetHints":{"allow":["GET"]}}],"collection":[{"href":"https:\/\/agora.xtec.cat\/esc-teresabergada\/wp-json\/wp\/v2\/posts"}],"about":[{"href":"https:\/\/agora.xtec.cat\/esc-teresabergada\/wp-json\/wp\/v2\/types\/post"}],"author":[{"embeddable":true,"href":"https:\/\/agora.xtec.cat\/esc-teresabergada\/wp-json\/wp\/v2\/users\/74"}],"replies":[{"embeddable":true,"href":"https:\/\/agora.xtec.cat\/esc-teresabergada\/wp-json\/wp\/v2\/comments?post=12175"}],"version-history":[{"count":6,"href":"https:\/\/agora.xtec.cat\/esc-teresabergada\/wp-json\/wp\/v2\/posts\/12175\/revisions"}],"predecessor-version":[{"id":12189,"href":"https:\/\/agora.xtec.cat\/esc-teresabergada\/wp-json\/wp\/v2\/posts\/12175\/revisions\/12189"}],"wp:featuredmedia":[{"embeddable":true,"href":"https:\/\/agora.xtec.cat\/esc-teresabergada\/wp-json\/wp\/v2\/media\/12176"}],"wp:attachment":[{"href":"https:\/\/agora.xtec.cat\/esc-teresabergada\/wp-json\/wp\/v2\/media?parent=12175"}],"wp:term":[{"taxonomy":"category","embeddable":true,"href":"https:\/\/agora.xtec.cat\/esc-teresabergada\/wp-json\/wp\/v2\/categories?post=12175"},{"taxonomy":"post_tag","embeddable":true,"href":"https:\/\/agora.xtec.cat\/esc-teresabergada\/wp-json\/wp\/v2\/tags?post=12175"}],"curies":[{"name":"wp","href":"https:\/\/api.w.org\/{rel}","templated":true}]}}