{"id":12152,"date":"2024-09-26T13:05:45","date_gmt":"2024-09-26T11:05:45","guid":{"rendered":"https:\/\/agora.xtec.cat\/esc-teresabergada\/?p=12152"},"modified":"2024-09-26T13:44:09","modified_gmt":"2024-09-26T11:44:09","slug":"reunio-dinici-de-curs-cicle-superior","status":"publish","type":"post","link":"https:\/\/agora.xtec.cat\/esc-teresabergada\/blocs-de-primaria\/5e\/reunio-dinici-de-curs-cicle-superior\/","title":{"rendered":"Reuni\u00f3 d&#8217;inici de curs Cicle Superior"},"content":{"rendered":"<p class=\"western\" align=\"justify\"><span style=\"color: #000000;\"><span style=\"font-family: Arial, serif;\"><span style=\"font-size: medium;\">El passat dimecres, dia 25 de setembre de 2024, la nostra escola va acollir la reuni\u00f3 de fam\u00edlies dels alumnes de Cicle Superior, un moment esperat per moltes fam\u00edlies que volen estar al dia de l\u2019educaci\u00f3 dels seus fills i filles.<\/span><\/span><\/span><\/p>\n<p class=\"western\" align=\"justify\"><span style=\"color: #000000;\"><span style=\"font-family: Arial, serif;\"><span style=\"font-size: medium;\">La reuni\u00f3 va comen\u00e7ar a les 16:45 hores amb la benvinguda de la directora del centre, qui va destacar la import\u00e0ncia de la implicaci\u00f3 familiar en el proc\u00e9s educatiu. \u201cLa col\u00b7laboraci\u00f3 entre l\u2019escola i les fam\u00edlies \u00e9s fonamental per al desenvolupament integral dels nostres alumnes\u201d.<\/span><\/span><\/span><\/p>\n<p class=\"western\" align=\"justify\"><span style=\"color: #000000;\"><span style=\"font-family: Arial, serif;\"><span style=\"font-size: medium;\">A continuaci\u00f3, les mestres de Cicle Superior van anar a les aules de 5\u00e8 B i de 6\u00e8 B per presentar les novetats del curs, incloent els projectes educatius que s\u2019estan duent a terme. Es va fer especial \u00e8mfasi en l\u2019aprenentatge per projectes, que fomenta la creativitat i el treball en equip, i van animar als pares a participar en les activitats programades.<\/span><\/span><\/span><\/p>\n<p class=\"western\" align=\"justify\"><span style=\"color: #000000;\"><span style=\"font-family: Arial, serif;\"><span style=\"font-size: medium;\">Tamb\u00e9 es va parlar sobre temes com la gesti\u00f3 del temps d\u2019estudi, l\u2019\u00fas de les noves tecnologies i la import\u00e0ncia de l\u2019educaci\u00f3 emocional comentant el projecte \u00abEscolta\u2019m\u00bb que iniciem aquest curs.<\/span><\/span><\/span><\/p>\n<p class=\"western\" align=\"justify\"><span style=\"color: #000000;\"><span style=\"font-family: Arial, serif;\"><span style=\"font-size: medium;\">La reuni\u00f3 va concloure amb una activitat participativa, on les fam\u00edlies van haver d\u2019identificar quina imatge representava al seu fill\/a. Les fotografies s\u2019havien fet un dia en qu\u00e8 cadasc\u00fa havia portat 4 objectes importants per ells, explicant als companys perqu\u00e8 els havien escollit. Els pares no havien de saber aquesta din\u00e0mica que es preparava., que va resultar molt motivadora.<\/span><\/span><\/span><\/p>\n<p><a href=\"https:\/\/drive.google.com\/file\/d\/1bGzEfNkjsyDftnb7oABFNmBMmkcLnQcE\/view?usp=sharing\" target=\"_blank\" rel=\"noopener\"><img loading=\"lazy\" decoding=\"async\" class=\"aligncenter wp-image-12156\" src=\"https:\/\/agora.xtec.cat\/esc-teresabergada\/wp-content\/uploads\/usu1533\/2024\/09\/5e-Reunio-inici-de-curs-2425-WEB-300x225.png\" alt=\"\" width=\"700\" height=\"525\" srcset=\"https:\/\/agora.xtec.cat\/esc-teresabergada\/wp-content\/uploads\/usu1533\/2024\/09\/5e-Reunio-inici-de-curs-2425-WEB-300x225.png 300w, https:\/\/agora.xtec.cat\/esc-teresabergada\/wp-content\/uploads\/usu1533\/2024\/09\/5e-Reunio-inici-de-curs-2425-WEB-768x576.png 768w, https:\/\/agora.xtec.cat\/esc-teresabergada\/wp-content\/uploads\/usu1533\/2024\/09\/5e-Reunio-inici-de-curs-2425-WEB-200x150.png 200w, https:\/\/agora.xtec.cat\/esc-teresabergada\/wp-content\/uploads\/usu1533\/2024\/09\/5e-Reunio-inici-de-curs-2425-WEB.png 1024w\" sizes=\"auto, (max-width: 700px) 100vw, 700px\" \/><\/a><\/p>\n<p class=\"western\" align=\"justify\"><span style=\"color: #000000;\"><span style=\"font-family: Arial, serif;\"><span style=\"font-size: medium;\">Les tutores de Cicle Superior.<\/span><\/span><\/span><\/p>\n","protected":false},"excerpt":{"rendered":"<p>El passat dimecres, dia 25 de setembre de 2024, la nostra escola va acollir la reuni\u00f3 de fam\u00edlies dels alumnes de Cicle Superior, un moment esperat per moltes fam\u00edlies que volen estar al dia de l\u2019educaci\u00f3 dels seus fills i filles.<br \/>\nLa reuni\u00f3 va comen\u00e7ar a&hellip;  <a href=\"https:\/\/agora.xtec.cat\/esc-teresabergada\/blocs-de-primaria\/5e\/reunio-dinici-de-curs-cicle-superior\/\" title=\"Read Reuni\u00f3 d&#8217;inici de curs Cicle Superior\">Llegeix m\u00e9s\u00bb<\/a><\/p>\n","protected":false},"author":14,"featured_media":12153,"comment_status":"open","ping_status":"closed","sticky":false,"template":"","format":"standard","meta":{"_bbp_topic_count":0,"_bbp_reply_count":0,"_bbp_total_topic_count":0,"_bbp_total_reply_count":0,"_bbp_voice_count":0,"_bbp_anonymous_reply_count":0,"_bbp_topic_count_hidden":0,"_bbp_reply_count_hidden":0,"_bbp_forum_subforum_count":0,"footnotes":""},"categories":[349],"tags":[],"class_list":["post-12152","post","type-post","status-publish","format-standard","has-post-thumbnail","hentry","category-5e"],"post_mailing_queue_ids":[],"_links":{"self":[{"href":"https:\/\/agora.xtec.cat\/esc-teresabergada\/wp-json\/wp\/v2\/posts\/12152","targetHints":{"allow":["GET"]}}],"collection":[{"href":"https:\/\/agora.xtec.cat\/esc-teresabergada\/wp-json\/wp\/v2\/posts"}],"about":[{"href":"https:\/\/agora.xtec.cat\/esc-teresabergada\/wp-json\/wp\/v2\/types\/post"}],"author":[{"embeddable":true,"href":"https:\/\/agora.xtec.cat\/esc-teresabergada\/wp-json\/wp\/v2\/users\/14"}],"replies":[{"embeddable":true,"href":"https:\/\/agora.xtec.cat\/esc-teresabergada\/wp-json\/wp\/v2\/comments?post=12152"}],"version-history":[{"count":4,"href":"https:\/\/agora.xtec.cat\/esc-teresabergada\/wp-json\/wp\/v2\/posts\/12152\/revisions"}],"predecessor-version":[{"id":12158,"href":"https:\/\/agora.xtec.cat\/esc-teresabergada\/wp-json\/wp\/v2\/posts\/12152\/revisions\/12158"}],"wp:featuredmedia":[{"embeddable":true,"href":"https:\/\/agora.xtec.cat\/esc-teresabergada\/wp-json\/wp\/v2\/media\/12153"}],"wp:attachment":[{"href":"https:\/\/agora.xtec.cat\/esc-teresabergada\/wp-json\/wp\/v2\/media?parent=12152"}],"wp:term":[{"taxonomy":"category","embeddable":true,"href":"https:\/\/agora.xtec.cat\/esc-teresabergada\/wp-json\/wp\/v2\/categories?post=12152"},{"taxonomy":"post_tag","embeddable":true,"href":"https:\/\/agora.xtec.cat\/esc-teresabergada\/wp-json\/wp\/v2\/tags?post=12152"}],"curies":[{"name":"wp","href":"https:\/\/api.w.org\/{rel}","templated":true}]}}