{"id":12143,"date":"2024-09-25T10:53:23","date_gmt":"2024-09-25T08:53:23","guid":{"rendered":"https:\/\/agora.xtec.cat\/esc-teresabergada\/?p=12143"},"modified":"2024-09-25T11:08:07","modified_gmt":"2024-09-25T09:08:07","slug":"educacio-emocional","status":"publish","type":"post","link":"https:\/\/agora.xtec.cat\/esc-teresabergada\/general\/educacio-emocional\/","title":{"rendered":"EDUCACI\u00d3 EMOCIONAL"},"content":{"rendered":"<p><span style=\"font-weight: 400\">Aquest any, al SIEI, hem preparat un rac\u00f3 molt especial vinculat al fil conductor que vam iniciar a finals del curs passat: el conte <\/span><i><span style=\"font-weight: 400\">El monstre de colors<\/span><\/i><span style=\"font-weight: 400\"> de l\u2019escriptora Anna Llenas. A partir d\u2019aquesta hist\u00f2ria, treballarem les emocions, ja que \u00e9s fonamental que els infants aprenguin a identificar i expressar qu\u00e8 senten i per quina ra\u00f3.<\/span><\/p>\n<p><span style=\"font-weight: 400\">A m\u00e9s, no nom\u00e9s \u00e9s important recon\u00e8ixer les emocions, sin\u00f3 tamb\u00e9 saber qu\u00e8 fer quan experimentem una emoci\u00f3 negativa o no tan positiva. Aqu\u00ed entra en joc l\u2019autoregulaci\u00f3, un concepte que anirem desenvolupant al llarg del curs.<\/span><\/p>\n<p><span style=\"font-weight: 400\">El treball de les compet\u00e8ncies emocionals no nom\u00e9s facilita les relacions socials amb els altres, sin\u00f3 tamb\u00e9 amb un mateix. Afavoreix la resoluci\u00f3 positiva dels conflictes, contribueix a la salut f\u00edsica i mental, i, a m\u00e9s, refor\u00e7a l\u2019aprenentatge dels infants.<\/span><\/p>\n<p><span style=\"font-weight: 400\">\u00c9s essencial que l&#8217;educaci\u00f3 emocional estigui present tant a l\u2019escola com a casa. La responsabilitat educativa \u00e9s compartida, i per aix\u00f2 cal con\u00e8ixer com es troben els nostres alumnes i fills\/es per poder acompanyar-los de manera adequada.<\/span><\/p>\n<p><a href=\"https:\/\/agora.xtec.cat\/esc-teresabergada\/wp-content\/uploads\/usu1533\/2024\/09\/1727175229445-scaled.jpg\"><img loading=\"lazy\" decoding=\"async\" class=\"alignnone size-large wp-image-12144\" src=\"https:\/\/agora.xtec.cat\/esc-teresabergada\/wp-content\/uploads\/usu1533\/2024\/09\/1727175229445-1024x460.jpg\" alt=\"\" width=\"1024\" height=\"460\" srcset=\"https:\/\/agora.xtec.cat\/esc-teresabergada\/wp-content\/uploads\/usu1533\/2024\/09\/1727175229445-1024x460.jpg 1024w, https:\/\/agora.xtec.cat\/esc-teresabergada\/wp-content\/uploads\/usu1533\/2024\/09\/1727175229445-300x135.jpg 300w, https:\/\/agora.xtec.cat\/esc-teresabergada\/wp-content\/uploads\/usu1533\/2024\/09\/1727175229445-768x345.jpg 768w, https:\/\/agora.xtec.cat\/esc-teresabergada\/wp-content\/uploads\/usu1533\/2024\/09\/1727175229445-1536x690.jpg 1536w, https:\/\/agora.xtec.cat\/esc-teresabergada\/wp-content\/uploads\/usu1533\/2024\/09\/1727175229445-2048x920.jpg 2048w\" sizes=\"auto, (max-width: 1024px) 100vw, 1024px\" \/><\/a><\/p>\n","protected":false},"excerpt":{"rendered":"<p>Aquest any, al SIEI, hem preparat un rac\u00f3 molt especial vinculat al fil conductor que vam iniciar a finals del curs passat: el conte El monstre de colors de l\u2019escriptora Anna Llenas. A partir d\u2019aquesta hist\u00f2ria, treballarem les emocions, ja que \u00e9s fonamental que els&hellip;  <a href=\"https:\/\/agora.xtec.cat\/esc-teresabergada\/general\/educacio-emocional\/\" title=\"Read EDUCACI\u00d3 EMOCIONAL\">Llegeix m\u00e9s\u00bb<\/a><\/p>\n","protected":false},"author":75,"featured_media":12144,"comment_status":"open","ping_status":"closed","sticky":false,"template":"","format":"standard","meta":{"_bbp_topic_count":0,"_bbp_reply_count":0,"_bbp_total_topic_count":0,"_bbp_total_reply_count":0,"_bbp_voice_count":0,"_bbp_anonymous_reply_count":0,"_bbp_topic_count_hidden":0,"_bbp_reply_count_hidden":0,"_bbp_forum_subforum_count":0,"footnotes":""},"categories":[1,636],"tags":[],"class_list":["post-12143","post","type-post","status-publish","format-standard","has-post-thumbnail","hentry","category-general","category-siei"],"post_mailing_queue_ids":[],"_links":{"self":[{"href":"https:\/\/agora.xtec.cat\/esc-teresabergada\/wp-json\/wp\/v2\/posts\/12143","targetHints":{"allow":["GET"]}}],"collection":[{"href":"https:\/\/agora.xtec.cat\/esc-teresabergada\/wp-json\/wp\/v2\/posts"}],"about":[{"href":"https:\/\/agora.xtec.cat\/esc-teresabergada\/wp-json\/wp\/v2\/types\/post"}],"author":[{"embeddable":true,"href":"https:\/\/agora.xtec.cat\/esc-teresabergada\/wp-json\/wp\/v2\/users\/75"}],"replies":[{"embeddable":true,"href":"https:\/\/agora.xtec.cat\/esc-teresabergada\/wp-json\/wp\/v2\/comments?post=12143"}],"version-history":[{"count":1,"href":"https:\/\/agora.xtec.cat\/esc-teresabergada\/wp-json\/wp\/v2\/posts\/12143\/revisions"}],"predecessor-version":[{"id":12145,"href":"https:\/\/agora.xtec.cat\/esc-teresabergada\/wp-json\/wp\/v2\/posts\/12143\/revisions\/12145"}],"wp:featuredmedia":[{"embeddable":true,"href":"https:\/\/agora.xtec.cat\/esc-teresabergada\/wp-json\/wp\/v2\/media\/12144"}],"wp:attachment":[{"href":"https:\/\/agora.xtec.cat\/esc-teresabergada\/wp-json\/wp\/v2\/media?parent=12143"}],"wp:term":[{"taxonomy":"category","embeddable":true,"href":"https:\/\/agora.xtec.cat\/esc-teresabergada\/wp-json\/wp\/v2\/categories?post=12143"},{"taxonomy":"post_tag","embeddable":true,"href":"https:\/\/agora.xtec.cat\/esc-teresabergada\/wp-json\/wp\/v2\/tags?post=12143"}],"curies":[{"name":"wp","href":"https:\/\/api.w.org\/{rel}","templated":true}]}}